{"id":24108,"date":"2024-03-27T01:01:46","date_gmt":"2024-03-27T00:01:46","guid":{"rendered":"http:\/\/www.associationdemarie.org\/blog\/?p=24108"},"modified":"2024-03-13T08:03:34","modified_gmt":"2024-03-13T07:03:34","slug":"le-mercredi-saint-7","status":"publish","type":"post","link":"https:\/\/www.associationdemarie.org\/blog\/le-mercredi-saint-7\/","title":{"rendered":"Le mercredi saint"},"content":{"rendered":"<p><img loading=\"lazy\" decoding=\"async\" class=\"aligncenter size-full wp-image-24109\" src=\"https:\/\/www.associationdemarie.org\/blog\/wp-content\/uploads\/2024\/03\/27-03.jpg\" alt=\"\" width=\"200\" height=\"269\" \/><\/p>\n<p>Voyez de quelle compassion le Christ a fait preuve \u00e0 l&rsquo;\u00e9gard de Judas, l&rsquo;homme qui a re\u00e7u tant d&rsquo;amour et pourtant a trahi son propre Ma\u00eetre, ce Ma\u00eetre qui a gard\u00e9 un silence sacr\u00e9 sans le trahir aupr\u00e8s de ses compagnons. J\u00e9sus, en effet, aurait pu facilement parler ouvertement et dire aux autres les intentions cach\u00e9es de Judas et ses agissements ; mais non. Il a pr\u00e9f\u00e9r\u00e9 faire preuve de mis\u00e9ricorde et de charit\u00e9 ; au lieu de le condamner, il l&rsquo;a appel\u00e9 ami (Mt 26,50). Si seulement Judas avait regard\u00e9 J\u00e9sus dans les yeux comme Pierre l&rsquo;a fait (Lc 22,61), Judas aurait \u00e9t\u00e9 l&rsquo;ami de la mis\u00e9ricorde de Dieu. J\u00e9sus a toujours \u00e9prouv\u00e9 de la mis\u00e9ricorde.<\/p>\n<h3 class=\"GospelCommentaryAuthor-name commentary-author font-2\">Sainte Teresa de Calcutta (1910-1997)<\/h3>\n<p>&nbsp;<\/p>\n<p>&nbsp;<\/p>\n<p>&nbsp;<\/p>\n<p>&nbsp;<\/p>\n","protected":false},"excerpt":{"rendered":"<p>Voyez de quelle compassion le Christ a fait preuve \u00e0 l&rsquo;\u00e9gard de Judas, l&rsquo;homme qui a re\u00e7u tant d&rsquo;amour et pourtant a trahi son propre Ma\u00eetre, ce Ma\u00eetre qui a gard\u00e9 un silence sacr\u00e9 sans le trahir aupr\u00e8s de ses compagnons. J\u00e9sus, en effet, aurait pu facilement parler ouvertement et dire aux autres les intentions [&hellip;]<\/p>\n","protected":false},"author":2,"featured_media":0,"comment_status":"closed","ping_status":"closed","sticky":false,"template":"","format":"standard","meta":{"footnotes":""},"categories":[3],"tags":[550,1461,678,972,1465],"class_list":["post-24108","post","type-post","status-publish","format-standard","hentry","category-liturgique","tag-judas","tag-mercredi-saint","tag-misericorde","tag-semaine-sainte","tag-ste-therese-de-calcutta"],"_links":{"self":[{"href":"https:\/\/www.associationdemarie.org\/blog\/wp-json\/wp\/v2\/posts\/24108","targetHints":{"allow":["GET"]}}],"collection":[{"href":"https:\/\/www.associationdemarie.org\/blog\/wp-json\/wp\/v2\/posts"}],"about":[{"href":"https:\/\/www.associationdemarie.org\/blog\/wp-json\/wp\/v2\/types\/post"}],"author":[{"embeddable":true,"href":"https:\/\/www.associationdemarie.org\/blog\/wp-json\/wp\/v2\/users\/2"}],"replies":[{"embeddable":true,"href":"https:\/\/www.associationdemarie.org\/blog\/wp-json\/wp\/v2\/comments?post=24108"}],"version-history":[{"count":1,"href":"https:\/\/www.associationdemarie.org\/blog\/wp-json\/wp\/v2\/posts\/24108\/revisions"}],"predecessor-version":[{"id":24110,"href":"https:\/\/www.associationdemarie.org\/blog\/wp-json\/wp\/v2\/posts\/24108\/revisions\/24110"}],"wp:attachment":[{"href":"https:\/\/www.associationdemarie.org\/blog\/wp-json\/wp\/v2\/media?parent=24108"}],"wp:term":[{"taxonomy":"category","embeddable":true,"href":"https:\/\/www.associationdemarie.org\/blog\/wp-json\/wp\/v2\/categories?post=24108"},{"taxonomy":"post_tag","embeddable":true,"href":"https:\/\/www.associationdemarie.org\/blog\/wp-json\/wp\/v2\/tags?post=24108"}],"curies":[{"name":"wp","href":"https:\/\/api.w.org\/{rel}","templated":true}]}}