{"id":24099,"date":"2024-03-24T01:49:07","date_gmt":"2024-03-24T00:49:07","guid":{"rendered":"http:\/\/www.associationdemarie.org\/blog\/?p=24099"},"modified":"2024-03-10T08:51:22","modified_gmt":"2024-03-10T07:51:22","slug":"dimanche-des-rameaux-et-de-la-passion-7","status":"publish","type":"post","link":"https:\/\/www.associationdemarie.org\/blog\/dimanche-des-rameaux-et-de-la-passion-7\/","title":{"rendered":"Dimanche des Rameaux et de la Passion"},"content":{"rendered":"<p><img loading=\"lazy\" decoding=\"async\" class=\"aligncenter  wp-image-24100\" src=\"https:\/\/www.associationdemarie.org\/blog\/wp-content\/uploads\/2024\/03\/24-03-dimanche-des-rameaux.jpg\" alt=\"\" width=\"458\" height=\"252\" srcset=\"https:\/\/www.associationdemarie.org\/blog\/wp-content\/uploads\/2024\/03\/24-03-dimanche-des-rameaux.jpg 700w, https:\/\/www.associationdemarie.org\/blog\/wp-content\/uploads\/2024\/03\/24-03-dimanche-des-rameaux-300x165.jpg 300w\" sizes=\"auto, (max-width: 458px) 100vw, 458px\" \/><\/p>\n<p>Nous voici donc arriv\u00e9s \u00e0 la sainte et grande semaine de l\u2019accomplissement des souffrances du Christ, et \u00e0 nouveau nous apprenons en quoi, combien de fois, quand et \u00e0 quel point s\u2019est abaiss\u00e9 pour nous le Seigneur de gloire (1 Co 2,8), notre Dieu et notre cr\u00e9ateur. En v\u00e9rit\u00e9, nous sommes tout illumin\u00e9s quand nous nous p\u00e9n\u00e9trons \u00e0 nouveau de tout cela.<\/p>\n<p>En effet, quelle \u00e2me de pierre n\u2019est saisie de componction et ne se laisse fl\u00e9chir en apprenant que le Seigneur est livr\u00e9 par un disciple aux mains des impies (cf. Ac 2,23) ? Il est li\u00e9 par la main des soldats, men\u00e9 devant un tribunal. Il est condamn\u00e9; lui, la v\u00e9rit\u00e9, il s\u2019entend appeler imposteur et charlatan (cf. Mt 27,63), lui, le sauveur de tous, on le frappe au visage et il supporte ; on le couvre de crachats et il ne se d\u00e9fend pas ; par d\u00e9rision, on le ceint de la couronne d\u2019\u00e9pines, et il ne r\u00e9duit pas en cendres ceux qui osent ces outrages ; il est rev\u00eatu d\u2019un manteau de pourpre comme un roi et, comme un malfaiteur, frapp\u00e9 \u00e0 coups de poings. Enfin il est crucifi\u00e9, transperc\u00e9 avec une lance. Il go\u00fbte \u00e0 la mort, lui qui est la vie de tous. Et aussit\u00f4t, il ressuscite, nous relevant ainsi de notre d\u00e9ch\u00e9ance, et il nous remet debout pour une inalt\u00e9rable immortalit\u00e9.<\/p>\n<p>(\u2026) Qu\u2019allons-nous t\u2019offrir, parce que dans ton in\u00e9puisable bont\u00e9, tu nous as consid\u00e9r\u00e9s d\u2019un si grand prix que, loin de m\u00e9priser ta cr\u00e9ature perdue, tu es venu nous sauver par le moyen d\u2019un extr\u00eame, d\u2019un indicible abaissement ? Cependant, tu nous a rendus forts et tu nous as sauv\u00e9s. Et de nos l\u00e8vres p\u00e9cheresses et indignes, nous t\u2019offrons toute la louange et l\u2019action de gr\u00e2ces dont nous sommes capables. Cet exemple, nous sommes instamment pri\u00e9s de chercher \u00e0 l\u2019imiter, de nous y conformer dans les choses grandes et importantes et, tout autant, de le prendre pour mod\u00e8le dans les choses petites et serviles. Car c\u2019est cela rendre gr\u00e2ces dignement.<\/p>\n<h3 class=\"GospelCommentaryAuthor-name commentary-author font-2\">Saint Th\u00e9odore le Studite (759-826)<\/h3>\n<p>&nbsp;<\/p>\n<p>&nbsp;<\/p>\n<p>&nbsp;<\/p>\n","protected":false},"excerpt":{"rendered":"<p>Nous voici donc arriv\u00e9s \u00e0 la sainte et grande semaine de l\u2019accomplissement des souffrances du Christ, et \u00e0 nouveau nous apprenons en quoi, combien de fois, quand et \u00e0 quel point s\u2019est abaiss\u00e9 pour nous le Seigneur de gloire (1 Co 2,8), notre Dieu et notre cr\u00e9ateur. En v\u00e9rit\u00e9, nous sommes tout illumin\u00e9s quand nous [&hellip;]<\/p>\n","protected":false},"author":2,"featured_media":0,"comment_status":"closed","ping_status":"closed","sticky":false,"template":"","format":"standard","meta":{"footnotes":""},"categories":[3],"tags":[862,1430],"class_list":["post-24099","post","type-post","status-publish","format-standard","hentry","category-liturgique","tag-rameaux","tag-st-theodore-le-studite"],"_links":{"self":[{"href":"https:\/\/www.associationdemarie.org\/blog\/wp-json\/wp\/v2\/posts\/24099","targetHints":{"allow":["GET"]}}],"collection":[{"href":"https:\/\/www.associationdemarie.org\/blog\/wp-json\/wp\/v2\/posts"}],"about":[{"href":"https:\/\/www.associationdemarie.org\/blog\/wp-json\/wp\/v2\/types\/post"}],"author":[{"embeddable":true,"href":"https:\/\/www.associationdemarie.org\/blog\/wp-json\/wp\/v2\/users\/2"}],"replies":[{"embeddable":true,"href":"https:\/\/www.associationdemarie.org\/blog\/wp-json\/wp\/v2\/comments?post=24099"}],"version-history":[{"count":1,"href":"https:\/\/www.associationdemarie.org\/blog\/wp-json\/wp\/v2\/posts\/24099\/revisions"}],"predecessor-version":[{"id":24101,"href":"https:\/\/www.associationdemarie.org\/blog\/wp-json\/wp\/v2\/posts\/24099\/revisions\/24101"}],"wp:attachment":[{"href":"https:\/\/www.associationdemarie.org\/blog\/wp-json\/wp\/v2\/media?parent=24099"}],"wp:term":[{"taxonomy":"category","embeddable":true,"href":"https:\/\/www.associationdemarie.org\/blog\/wp-json\/wp\/v2\/categories?post=24099"},{"taxonomy":"post_tag","embeddable":true,"href":"https:\/\/www.associationdemarie.org\/blog\/wp-json\/wp\/v2\/tags?post=24099"}],"curies":[{"name":"wp","href":"https:\/\/api.w.org\/{rel}","templated":true}]}}