{"id":24086,"date":"2024-03-20T01:02:13","date_gmt":"2024-03-20T00:02:13","guid":{"rendered":"http:\/\/www.associationdemarie.org\/blog\/?p=24086"},"modified":"2024-03-05T23:04:14","modified_gmt":"2024-03-05T22:04:14","slug":"si-vous-etiez-les-enfants-dabraham-vous-feriez-les-oeuvres-dabraham","status":"publish","type":"post","link":"https:\/\/www.associationdemarie.org\/blog\/si-vous-etiez-les-enfants-dabraham-vous-feriez-les-oeuvres-dabraham\/","title":{"rendered":"\u00ab Si vous \u00e9tiez les enfants d&rsquo;Abraham, vous feriez les \u0153uvres d&rsquo;Abraham. \u00bb"},"content":{"rendered":"<p><img loading=\"lazy\" decoding=\"async\" class=\"aligncenter  wp-image-24087\" src=\"https:\/\/www.associationdemarie.org\/blog\/wp-content\/uploads\/2024\/03\/20-03.jpg\" alt=\"\" width=\"471\" height=\"395\" srcset=\"https:\/\/www.associationdemarie.org\/blog\/wp-content\/uploads\/2024\/03\/20-03.jpg 940w, https:\/\/www.associationdemarie.org\/blog\/wp-content\/uploads\/2024\/03\/20-03-300x251.jpg 300w, https:\/\/www.associationdemarie.org\/blog\/wp-content\/uploads\/2024\/03\/20-03-768x644.jpg 768w\" sizes=\"auto, (max-width: 471px) 100vw, 471px\" \/><\/p>\n<p>\u00ab Je sais que vous \u00eates enfants d&rsquo;Abraham \u00bb (Jn 8,37). (\u2026) On peut encore donner une autre explication fond\u00e9e sur le texte grec : \u00ab Je sais que vous \u00eates de la race, ou litt\u00e9ralement, de la semence d&rsquo;Abraham. \u00bb Pour rendre cette explication plus claire, voyons d&rsquo;abord la diff\u00e9rence qui existe entre la semence destin\u00e9e \u00e0 former le corps et l&rsquo;enfant. Il est \u00e9vident d&rsquo;abord que la semence a en elle-m\u00eame toutes les raisons constitutives de celui dont elle est la semence, bien qu&rsquo;elles soient encore \u00e0 l&rsquo;\u00e9tat d&rsquo;inaction et de repos. Mais apr\u00e8s la transformation de cette semence et son action particuli\u00e8re sur la mati\u00e8re qui lui est pr\u00e9sent\u00e9e par la femme, l&rsquo;enfant, au moyen de l&rsquo;alimentation qu&rsquo;il re\u00e7oit, prend lui-m\u00eame la forme de celui qui l&rsquo;a engendr\u00e9. Quant au corps, tout enfant vient n\u00e9cessairement d&rsquo;une semence, mais toute semence ne se transforme pas en enfant. (&#8230;)<\/p>\n<p>Il faut que celui qui est la semence d&rsquo;Abraham, devienne aussi son fils en prenant sa ressemblance. Or, il peut arriver que par suite de sa n\u00e9gligence ou de son inaction, il d\u00e9truise en lui cette pr\u00e9cieuse semence. Quant \u00e0 ceux \u00e0 qui Notre-Seigneur s&rsquo;adressait, toute esp\u00e9rance n&rsquo;\u00e9tait pas encore d\u00e9truite, J\u00e9sus savait qu&rsquo;ils \u00e9taient encore la semence d&rsquo;Abraham, et qu&rsquo;ils n&rsquo;avaient pas encore perdu le pouvoir de devenir enfants d&rsquo;Abraham. C&rsquo;est pourquoi il leur dit : \u00ab Si vous \u00eates les enfants d&rsquo;Abraham, faites les \u0153uvres d&rsquo;Abraham. \u00bb S&rsquo;ils avaient voulu laisser cro\u00eetre cette pr\u00e9cieuse semence jusqu&rsquo;\u00e0 son parfait d\u00e9veloppement, ils auraient compris la parole de J\u00e9sus. (&#8230;)<\/p>\n<p>Il en est qui se bornent \u00e0 choisir une seule des \u0153uvres d&rsquo;Abraham, celle que l&rsquo;Ap\u00f4tre rel\u00e8ve en ces termes : \u00ab Abraham crut \u00e0 la parole de Dieu, et sa foi lui fut imput\u00e9e \u00e0 justice. \u00bb Mais si, comme ils le pr\u00e9tendent, la foi est la seule \u0153uvre n\u00e9cessaire, pourquoi le Sauveur n&rsquo;a-t-il pas dit au singulier : \u00ab Faites l&rsquo;\u0153uvre d&rsquo;Abraham \u00bb mais au pluriel : \u00ab Faites les \u0153uvres d&rsquo;Abraham \u00bb ? Ces paroles sont l&rsquo;\u00e9quivalent de celles-ci : Faites toutes les \u0153uvres d&rsquo;Abraham, en prenant toutefois la vie d&rsquo;Abraham dans le sens all\u00e9gorique et ses actions dans un sens spirituel. En effet, celui qui veut devenir le fils d&rsquo;Abraham, ne doit point, \u00e0 l&rsquo;exemple d&rsquo;Abraham, prendre ses servantes pour \u00e9pouses, ni apr\u00e8s la mort de sa femme en \u00e9pouser une autre dans sa vieillesse.<\/p>\n<h3 class=\"GospelCommentaryAuthor-name commentary-author font-2\">Orig\u00e8ne (v. 185-253)<\/h3>\n<p>&nbsp;<\/p>\n<p>&nbsp;<\/p>\n<p>&nbsp;<\/p>\n","protected":false},"excerpt":{"rendered":"<p>\u00ab Je sais que vous \u00eates enfants d&rsquo;Abraham \u00bb (Jn 8,37). (\u2026) On peut encore donner une autre explication fond\u00e9e sur le texte grec : \u00ab Je sais que vous \u00eates de la race, ou litt\u00e9ralement, de la semence d&rsquo;Abraham. \u00bb Pour rendre cette explication plus claire, voyons d&rsquo;abord la diff\u00e9rence qui existe entre la [&hellip;]<\/p>\n","protected":false},"author":2,"featured_media":0,"comment_status":"closed","ping_status":"closed","sticky":false,"template":"","format":"standard","meta":{"footnotes":""},"categories":[28],"tags":[32,742],"class_list":["post-24086","post","type-post","status-publish","format-standard","hentry","category-saints-et-saintes","tag-abraham","tag-origene"],"_links":{"self":[{"href":"https:\/\/www.associationdemarie.org\/blog\/wp-json\/wp\/v2\/posts\/24086","targetHints":{"allow":["GET"]}}],"collection":[{"href":"https:\/\/www.associationdemarie.org\/blog\/wp-json\/wp\/v2\/posts"}],"about":[{"href":"https:\/\/www.associationdemarie.org\/blog\/wp-json\/wp\/v2\/types\/post"}],"author":[{"embeddable":true,"href":"https:\/\/www.associationdemarie.org\/blog\/wp-json\/wp\/v2\/users\/2"}],"replies":[{"embeddable":true,"href":"https:\/\/www.associationdemarie.org\/blog\/wp-json\/wp\/v2\/comments?post=24086"}],"version-history":[{"count":1,"href":"https:\/\/www.associationdemarie.org\/blog\/wp-json\/wp\/v2\/posts\/24086\/revisions"}],"predecessor-version":[{"id":24088,"href":"https:\/\/www.associationdemarie.org\/blog\/wp-json\/wp\/v2\/posts\/24086\/revisions\/24088"}],"wp:attachment":[{"href":"https:\/\/www.associationdemarie.org\/blog\/wp-json\/wp\/v2\/media?parent=24086"}],"wp:term":[{"taxonomy":"category","embeddable":true,"href":"https:\/\/www.associationdemarie.org\/blog\/wp-json\/wp\/v2\/categories?post=24086"},{"taxonomy":"post_tag","embeddable":true,"href":"https:\/\/www.associationdemarie.org\/blog\/wp-json\/wp\/v2\/tags?post=24086"}],"curies":[{"name":"wp","href":"https:\/\/api.w.org\/{rel}","templated":true}]}}