{"id":24083,"date":"2024-03-19T01:40:33","date_gmt":"2024-03-19T00:40:33","guid":{"rendered":"http:\/\/www.associationdemarie.org\/blog\/?p=24083"},"modified":"2024-03-05T07:43:11","modified_gmt":"2024-03-05T06:43:11","slug":"solennite-de-saint-joseph-epoux-de-la-vierge-marie-patron-de-leglise-universelle-9","status":"publish","type":"post","link":"https:\/\/www.associationdemarie.org\/blog\/solennite-de-saint-joseph-epoux-de-la-vierge-marie-patron-de-leglise-universelle-9\/","title":{"rendered":"Solennit\u00e9 de saint Joseph, \u00e9poux de la Vierge Marie, patron de l&rsquo;\u00c9glise universelle"},"content":{"rendered":"<p><img loading=\"lazy\" decoding=\"async\" class=\"aligncenter  wp-image-24084\" src=\"https:\/\/www.associationdemarie.org\/blog\/wp-content\/uploads\/2024\/03\/19-mars.jpg\" alt=\"\" width=\"423\" height=\"317\" srcset=\"https:\/\/www.associationdemarie.org\/blog\/wp-content\/uploads\/2024\/03\/19-mars.jpg 768w, https:\/\/www.associationdemarie.org\/blog\/wp-content\/uploads\/2024\/03\/19-mars-300x225.jpg 300w\" sizes=\"auto, (max-width: 423px) 100vw, 423px\" \/><\/p>\n<p>Joseph \u00e9tait le gardien, l&rsquo;administrateur et le d\u00e9fenseur l\u00e9gitime et naturel de la maison divine dont il \u00e9tait le chef. Il exer\u00e7a de fait ces charges pendant tout le cours de sa vie mortelle. Il s&rsquo;appliqua \u00e0 prot\u00e9ger avec un souverain amour et une sollicitude quotidienne son \u00c9pouse et le divin Enfant ; il gagna r\u00e9guli\u00e8rement par son travail ce qui \u00e9tait n\u00e9cessaire \u00e0 l&rsquo;un et \u00e0 l&rsquo;autre pour la nourriture et le v\u00eatement ; il pr\u00e9serva de la mort l&rsquo;Enfant menac\u00e9 par la jalousie d&rsquo;un roi (&#8230;) ; dans les incommodit\u00e9s des voyages et les amertumes de l&rsquo;exil, il fut constamment le compagnon, l&rsquo;aide et le soutien de la Vierge et de J\u00e9sus.<\/p>\n<p>Or, la divine maison que Joseph gouverna comme avec l&rsquo;autorit\u00e9 du p\u00e8re contenait les pr\u00e9mices de l&rsquo;\u00c9glise naissante. De m\u00eame que la tr\u00e8s sainte Vierge est la M\u00e8re de J\u00e9sus Christ, elle est aussi la M\u00e8re de tous les chr\u00e9tiens qu&rsquo;elle a enfant\u00e9s au Calvaire, au milieu des souffrances supr\u00eames du R\u00e9dempteur ; J\u00e9sus Christ aussi est comme le premier-n\u00e9 des chr\u00e9tiens, qui, par l&rsquo;adoption et la r\u00e9demption, sont ses fr\u00e8res (Rm 8,29).<\/p>\n<p>Telles sont les raisons pour lesquelles le bienheureux patriarche Joseph regarde comme lui \u00e9tant particuli\u00e8rement confi\u00e9e la multitude des chr\u00e9tiens qui compose l&rsquo;\u00c9glise, c&rsquo;est-\u00e0-dire cette immense famille r\u00e9pandue par toute la terre sur laquelle, parce qu&rsquo;il est l&rsquo;\u00e9poux de Marie et le p\u00e8re de J\u00e9sus Christ, il poss\u00e8de comme une autorit\u00e9 paternelle. Il est donc naturel et tr\u00e8s digne du bienheureux Joseph que, de m\u00eame qu&rsquo;il subvenait autrefois \u00e0 tous les besoins de la famille de Nazareth et l&rsquo;entourait saintement de sa protection, il couvre maintenant de son patronage c\u00e9leste et d\u00e9fende l&rsquo;\u00c9glise de J\u00e9sus Christ.<\/p>\n<h3 class=\"GospelCommentaryAuthor-name commentary-author font-2\">L\u00e9on XIII<\/h3>\n<p>&nbsp;<\/p>\n<p>&nbsp;<\/p>\n<p>&nbsp;<\/p>\n<p>&nbsp;<\/p>\n","protected":false},"excerpt":{"rendered":"<p>Joseph \u00e9tait le gardien, l&rsquo;administrateur et le d\u00e9fenseur l\u00e9gitime et naturel de la maison divine dont il \u00e9tait le chef. Il exer\u00e7a de fait ces charges pendant tout le cours de sa vie mortelle. Il s&rsquo;appliqua \u00e0 prot\u00e9ger avec un souverain amour et une sollicitude quotidienne son \u00c9pouse et le divin Enfant ; il gagna [&hellip;]<\/p>\n","protected":false},"author":2,"featured_media":0,"comment_status":"closed","ping_status":"closed","sticky":false,"template":"","format":"standard","meta":{"footnotes":""},"categories":[28],"tags":[336,1338,1049,1093],"class_list":["post-24083","post","type-post","status-publish","format-standard","hentry","category-saints-et-saintes","tag-eglise","tag-leon-13","tag-st-joseph","tag-ste-famille"],"_links":{"self":[{"href":"https:\/\/www.associationdemarie.org\/blog\/wp-json\/wp\/v2\/posts\/24083","targetHints":{"allow":["GET"]}}],"collection":[{"href":"https:\/\/www.associationdemarie.org\/blog\/wp-json\/wp\/v2\/posts"}],"about":[{"href":"https:\/\/www.associationdemarie.org\/blog\/wp-json\/wp\/v2\/types\/post"}],"author":[{"embeddable":true,"href":"https:\/\/www.associationdemarie.org\/blog\/wp-json\/wp\/v2\/users\/2"}],"replies":[{"embeddable":true,"href":"https:\/\/www.associationdemarie.org\/blog\/wp-json\/wp\/v2\/comments?post=24083"}],"version-history":[{"count":1,"href":"https:\/\/www.associationdemarie.org\/blog\/wp-json\/wp\/v2\/posts\/24083\/revisions"}],"predecessor-version":[{"id":24085,"href":"https:\/\/www.associationdemarie.org\/blog\/wp-json\/wp\/v2\/posts\/24083\/revisions\/24085"}],"wp:attachment":[{"href":"https:\/\/www.associationdemarie.org\/blog\/wp-json\/wp\/v2\/media?parent=24083"}],"wp:term":[{"taxonomy":"category","embeddable":true,"href":"https:\/\/www.associationdemarie.org\/blog\/wp-json\/wp\/v2\/categories?post=24083"},{"taxonomy":"post_tag","embeddable":true,"href":"https:\/\/www.associationdemarie.org\/blog\/wp-json\/wp\/v2\/tags?post=24083"}],"curies":[{"name":"wp","href":"https:\/\/api.w.org\/{rel}","templated":true}]}}