{"id":24080,"date":"2024-03-18T01:37:49","date_gmt":"2024-03-18T00:37:49","guid":{"rendered":"http:\/\/www.associationdemarie.org\/blog\/?p=24080"},"modified":"2024-03-04T08:39:11","modified_gmt":"2024-03-04T07:39:11","slug":"celui-dentre-vous-qui-est-sans-peche-quil-soit-le-premier-a-lui-jeter-la-pierre-2","status":"publish","type":"post","link":"https:\/\/www.associationdemarie.org\/blog\/celui-dentre-vous-qui-est-sans-peche-quil-soit-le-premier-a-lui-jeter-la-pierre-2\/","title":{"rendered":"\u00ab Celui d&rsquo;entre vous qui est sans p\u00e9ch\u00e9, qu&rsquo;il soit le premier \u00e0 lui jeter la pierre. \u00bb"},"content":{"rendered":"<p><img loading=\"lazy\" decoding=\"async\" class=\"aligncenter size-full wp-image-24081\" src=\"https:\/\/www.associationdemarie.org\/blog\/wp-content\/uploads\/2024\/03\/18-03.jpg\" alt=\"\" width=\"300\" height=\"267\" \/><\/p>\n<p>\u00ab Nul n&rsquo;a jamais vu Dieu \u00bb, \u00e9crit saint Jean pour donner plus de relief \u00e0 la v\u00e9rit\u00e9 selon laquelle \u00ab le Fils unique, qui est dans le sein du P\u00e8re, lui, l&rsquo;a r\u00e9v\u00e9l\u00e9 \u00bb (Jn 1,18)&#8230; Telle qu&rsquo;elle est r\u00e9v\u00e9l\u00e9e dans le Christ, la v\u00e9rit\u00e9 sur Dieu \u00ab P\u00e8re des mis\u00e9ricordes \u00bb (2Co 1,3) nous permet de le voir particuli\u00e8rement proche de l&rsquo;homme, surtout quand il souffre, quand il est menac\u00e9 dans le fondement m\u00eame de son existence et de sa dignit\u00e9. Et c&rsquo;est pourquoi, dans la situation actuelle de l&rsquo;\u00c9glise et du monde, bien des hommes et bien des milieux, guid\u00e9s par un sens aigu de la foi, s&rsquo;adressent, je dirais quasi spontan\u00e9ment, \u00e0 la mis\u00e9ricorde de Dieu. Ils y sont certainement pouss\u00e9s par le Christ, dont l&rsquo;Esprit est \u00e0 l&rsquo;\u0153uvre au fond des c\u0153urs. En effet, dans le contexte des menaces actuelles contre l&rsquo;homme, le myst\u00e8re de Dieu comme \u00ab P\u00e8re des mis\u00e9ricordes \u00bb que le Christ nous a r\u00e9v\u00e9l\u00e9 devient un appel particulier adress\u00e9 \u00e0 l&rsquo;\u00c9glise.<\/p>\n<p>Je voudrais&#8230;r\u00e9pondre \u00e0 cet appel ; je voudrais reprendre le langage \u00e9ternel \u2014 et en m\u00eame temps incomparable de simplicit\u00e9 et de profondeur \u2014 de la r\u00e9v\u00e9lation et de la foi pour exprimer encore une fois, en face de Dieu et des hommes, les grandes angoisses de notre temps. En effet, la r\u00e9v\u00e9lation et la foi nous apprennent moins \u00e0 m\u00e9diter sur le myst\u00e8re de Dieu comme \u00ab P\u00e8re des mis\u00e9ricordes \u00bb de mani\u00e8re abstraite qu&rsquo;\u00e0 recourir \u00e0 cette mis\u00e9ricorde au nom du Christ et en union avec lui. Le Christ ne nous a-t-il pas enseign\u00e9 que notre P\u00e8re, \u00ab qui voit dans le secret \u00bb (Mt 6,4), attend continuellement que nous recourions \u00e0 lui dans tous nos besoins et que nous scrutions toujours son myst\u00e8re, le myst\u00e8re du P\u00e8re et de son amour ? Je d\u00e9sire donc que mes r\u00e9flexions rendent ce myst\u00e8re plus proche pour tous, et qu&rsquo;elles soient en m\u00eame temps un vibrant appel de l&rsquo;\u00c9glise \u00e0 la mis\u00e9ricorde dont l&rsquo;homme et le monde contemporain ont un si grand besoin. Car ils en ont besoin, m\u00eame si souvent ils ne le savent pas.<\/p>\n<h3 class=\"GospelCommentaryAuthor-name commentary-author font-2\">Saint Jean-Paul II (1920-2005)<\/h3>\n<p>&nbsp;<\/p>\n<p>&nbsp;<\/p>\n<p>&nbsp;<\/p>\n","protected":false},"excerpt":{"rendered":"<p>\u00ab Nul n&rsquo;a jamais vu Dieu \u00bb, \u00e9crit saint Jean pour donner plus de relief \u00e0 la v\u00e9rit\u00e9 selon laquelle \u00ab le Fils unique, qui est dans le sein du P\u00e8re, lui, l&rsquo;a r\u00e9v\u00e9l\u00e9 \u00bb (Jn 1,18)&#8230; Telle qu&rsquo;elle est r\u00e9v\u00e9l\u00e9e dans le Christ, la v\u00e9rit\u00e9 sur Dieu \u00ab P\u00e8re des mis\u00e9ricordes \u00bb (2Co 1,3) [&hellip;]<\/p>\n","protected":false},"author":2,"featured_media":0,"comment_status":"closed","ping_status":"closed","sticky":false,"template":"","format":"standard","meta":{"footnotes":""},"categories":[13,1261],"tags":[678,1253],"class_list":["post-24080","post","type-post","status-publish","format-standard","hentry","category-ecritures","category-enseignement-2","tag-misericorde","tag-st-jean-paul-2"],"_links":{"self":[{"href":"https:\/\/www.associationdemarie.org\/blog\/wp-json\/wp\/v2\/posts\/24080","targetHints":{"allow":["GET"]}}],"collection":[{"href":"https:\/\/www.associationdemarie.org\/blog\/wp-json\/wp\/v2\/posts"}],"about":[{"href":"https:\/\/www.associationdemarie.org\/blog\/wp-json\/wp\/v2\/types\/post"}],"author":[{"embeddable":true,"href":"https:\/\/www.associationdemarie.org\/blog\/wp-json\/wp\/v2\/users\/2"}],"replies":[{"embeddable":true,"href":"https:\/\/www.associationdemarie.org\/blog\/wp-json\/wp\/v2\/comments?post=24080"}],"version-history":[{"count":1,"href":"https:\/\/www.associationdemarie.org\/blog\/wp-json\/wp\/v2\/posts\/24080\/revisions"}],"predecessor-version":[{"id":24082,"href":"https:\/\/www.associationdemarie.org\/blog\/wp-json\/wp\/v2\/posts\/24080\/revisions\/24082"}],"wp:attachment":[{"href":"https:\/\/www.associationdemarie.org\/blog\/wp-json\/wp\/v2\/media?parent=24080"}],"wp:term":[{"taxonomy":"category","embeddable":true,"href":"https:\/\/www.associationdemarie.org\/blog\/wp-json\/wp\/v2\/categories?post=24080"},{"taxonomy":"post_tag","embeddable":true,"href":"https:\/\/www.associationdemarie.org\/blog\/wp-json\/wp\/v2\/tags?post=24080"}],"curies":[{"name":"wp","href":"https:\/\/api.w.org\/{rel}","templated":true}]}}