{"id":24077,"date":"2024-03-17T01:34:31","date_gmt":"2024-03-17T00:34:31","guid":{"rendered":"http:\/\/www.associationdemarie.org\/blog\/?p=24077"},"modified":"2024-03-03T08:36:11","modified_gmt":"2024-03-03T07:36:11","slug":"regarder-le-christ-avec-les-yeux-du-pere","status":"publish","type":"post","link":"https:\/\/www.associationdemarie.org\/blog\/regarder-le-christ-avec-les-yeux-du-pere\/","title":{"rendered":"Regarder le Christ avec les yeux du P\u00e8re"},"content":{"rendered":"<p><img loading=\"lazy\" decoding=\"async\" class=\"aligncenter  wp-image-24078\" src=\"https:\/\/www.associationdemarie.org\/blog\/wp-content\/uploads\/2024\/03\/17-03-jesus-christ-regarde-yeux-bienveillants.jpg\" alt=\"\" width=\"456\" height=\"456\" srcset=\"https:\/\/www.associationdemarie.org\/blog\/wp-content\/uploads\/2024\/03\/17-03-jesus-christ-regarde-yeux-bienveillants.jpg 626w, https:\/\/www.associationdemarie.org\/blog\/wp-content\/uploads\/2024\/03\/17-03-jesus-christ-regarde-yeux-bienveillants-150x150.jpg 150w, https:\/\/www.associationdemarie.org\/blog\/wp-content\/uploads\/2024\/03\/17-03-jesus-christ-regarde-yeux-bienveillants-300x300.jpg 300w\" sizes=\"auto, (max-width: 456px) 100vw, 456px\" \/><\/p>\n<p>Croire, c\u2019est participer \u00e0 la connaissance que Dieu a de lui-m\u00eame et de toutes choses en lui. Par l\u2019exercice de cette vertu, notre vie est comme un reflet de sa vie. Quand l\u2019\u00e2me est remplie de foi, elle voit, pour ainsi dire, par les yeux de Dieu. Or, que contemple \u00e9ternellement le P\u00e8re ? Son Fils. Il conna\u00eet, il aime tout en Lui. Ce regard et cet amour lui sont essentiels. En ce moment, que regarde-t-il ? Le Verbe, son \u00e9gal, devenu homme par amour.<\/p>\n<p>Le P\u00e8re appr\u00e9cie son Fils infiniment, divinement, comme lui seul peut le faire ; c\u2019est pourquoi il est tout entier \u00e0 lui ; tout ce qu\u2019il fait est ordonn\u00e9 \u00e0 sa gloire : \u00ab Je l\u2019ai glorifi\u00e9 et je vais le glorifier encore \u00bb (Jn 12,28). Il tient \u00e0 ce que son Fils soit reconnu par les cr\u00e9atures raisonnables avec la r\u00e9v\u00e9rence due \u00e0 sa divinit\u00e9. Quand il l\u2019a introduit en ce monde, il a voulu que \u00ab tous les anges l\u2019adorent \u00bb (He 1,6). Il r\u00e9clame des hommes le m\u00eame hommage. Le P\u00e8re veut \u00ab que chacun honore le Fils \u00e0 l\u2019\u00e9gal de lui-m\u00eame \u00bb (Jn 5, 23). Et, au Thabor, n\u2019a-t-il pas exig\u00e9 de tous de \u00ab croire aux paroles de J\u00e9sus, puisqu\u2019elles \u00e9taient celles du Fils de sa dilection \u00bb (Mt 17, 5) ?<\/p>\n<p>Si nous regardions le Christ par les yeux du P\u00e8re, le prix que nous attacherions \u00e0 la dignit\u00e9 de sa personne, \u00e0 l\u2019\u00e9tendue de ses m\u00e9rites, \u00e0 la puissance de sa gr\u00e2ce, serait sans limite. Quelle que soient la multitude de nos fautes et notre indigence, nous poss\u00e9dons dans le Christ une suppl\u00e9ance mis\u00e9ricordieuse in\u00e9puisable. Dans notre mis\u00e8re, nous sommes riches du Christ (cf. 1 Co 1,5). La surabondance des m\u00e9rites d\u2019un Dieu est, pour l\u2019\u00c9glise qui les poss\u00e8de, une source sans cesse jaillissante de gratitude, de louange, de paix et de joie indicibles.<\/p>\n<h3 class=\"GospelCommentaryAuthor-name commentary-author font-2\">Bienheureux Columba Marmion (1858-1923)<\/h3>\n<p>&nbsp;<\/p>\n<p>&nbsp;<\/p>\n<p>&nbsp;<\/p>\n","protected":false},"excerpt":{"rendered":"<p>Croire, c\u2019est participer \u00e0 la connaissance que Dieu a de lui-m\u00eame et de toutes choses en lui. Par l\u2019exercice de cette vertu, notre vie est comme un reflet de sa vie. Quand l\u2019\u00e2me est remplie de foi, elle voit, pour ainsi dire, par les yeux de Dieu. Or, que contemple \u00e9ternellement le P\u00e8re ? Son [&hellip;]<\/p>\n","protected":false},"author":2,"featured_media":0,"comment_status":"closed","ping_status":"closed","sticky":false,"template":"","format":"standard","meta":{"footnotes":""},"categories":[13,1261],"tags":[1464,1110],"class_list":["post-24077","post","type-post","status-publish","format-standard","hentry","category-ecritures","category-enseignement-2","tag-bienheureux-columba-marmion","tag-ste-trinite"],"_links":{"self":[{"href":"https:\/\/www.associationdemarie.org\/blog\/wp-json\/wp\/v2\/posts\/24077","targetHints":{"allow":["GET"]}}],"collection":[{"href":"https:\/\/www.associationdemarie.org\/blog\/wp-json\/wp\/v2\/posts"}],"about":[{"href":"https:\/\/www.associationdemarie.org\/blog\/wp-json\/wp\/v2\/types\/post"}],"author":[{"embeddable":true,"href":"https:\/\/www.associationdemarie.org\/blog\/wp-json\/wp\/v2\/users\/2"}],"replies":[{"embeddable":true,"href":"https:\/\/www.associationdemarie.org\/blog\/wp-json\/wp\/v2\/comments?post=24077"}],"version-history":[{"count":1,"href":"https:\/\/www.associationdemarie.org\/blog\/wp-json\/wp\/v2\/posts\/24077\/revisions"}],"predecessor-version":[{"id":24079,"href":"https:\/\/www.associationdemarie.org\/blog\/wp-json\/wp\/v2\/posts\/24077\/revisions\/24079"}],"wp:attachment":[{"href":"https:\/\/www.associationdemarie.org\/blog\/wp-json\/wp\/v2\/media?parent=24077"}],"wp:term":[{"taxonomy":"category","embeddable":true,"href":"https:\/\/www.associationdemarie.org\/blog\/wp-json\/wp\/v2\/categories?post=24077"},{"taxonomy":"post_tag","embeddable":true,"href":"https:\/\/www.associationdemarie.org\/blog\/wp-json\/wp\/v2\/tags?post=24077"}],"curies":[{"name":"wp","href":"https:\/\/api.w.org\/{rel}","templated":true}]}}