{"id":24064,"date":"2024-03-13T01:05:22","date_gmt":"2024-03-13T00:05:22","guid":{"rendered":"http:\/\/www.associationdemarie.org\/blog\/?p=24064"},"modified":"2024-02-28T08:07:12","modified_gmt":"2024-02-28T07:07:12","slug":"ce-que-fait-le-pere-le-fils-le-fait-pareillement-jn-519","status":"publish","type":"post","link":"https:\/\/www.associationdemarie.org\/blog\/ce-que-fait-le-pere-le-fils-le-fait-pareillement-jn-519\/","title":{"rendered":"\u00ab Ce que fait le P\u00e8re, le Fils le fait pareillement. \u00bb (Jn 5,19)"},"content":{"rendered":"<p><img loading=\"lazy\" decoding=\"async\" class=\"aligncenter  wp-image-24065\" src=\"https:\/\/www.associationdemarie.org\/blog\/wp-content\/uploads\/2024\/02\/13-03-1024x614.jpg\" alt=\"\" width=\"482\" height=\"289\" srcset=\"https:\/\/www.associationdemarie.org\/blog\/wp-content\/uploads\/2024\/02\/13-03-1024x614.jpg 1024w, https:\/\/www.associationdemarie.org\/blog\/wp-content\/uploads\/2024\/02\/13-03-300x180.jpg 300w, https:\/\/www.associationdemarie.org\/blog\/wp-content\/uploads\/2024\/02\/13-03-768x461.jpg 768w, https:\/\/www.associationdemarie.org\/blog\/wp-content\/uploads\/2024\/02\/13-03.jpg 2000w\" sizes=\"auto, (max-width: 482px) 100vw, 482px\" \/><\/p>\n<p>Que votre \u00e2me re\u00e7oive le dogme fondamental qui concerne Dieu : il n\u2019y a qu\u2019un Dieu, un seul, sans naissance, sans commencement, sans changement ni mutation. Il n\u2019a pas \u00e9t\u00e9 engendr\u00e9 par un autre, il n\u2019a pas d\u2019autre \u00eatre pour prendre la succession de sa vie. Il n\u2019a pas commenc\u00e9 de vivre dans le temps, et il n\u2019est pas davantage de date o\u00f9 il finisse. Il est \u00e0 la fois bon et juste. (\u2026) Unique est l\u2019auteur du ciel et de la terre, le cr\u00e9ateur des anges et des archanges. Il est auteur d\u2019une multitude de cr\u00e9atures, mais le P\u00e8re d\u2019un seul avant les si\u00e8cles, d\u2019un seul qui est le Fils unique lui-m\u00eame, notre Seigneur J\u00e9sus Christ, par qui il a fait toutes choses, les visibles et les invisibles.<\/p>\n<p>Ce P\u00e8re de notre Seigneur J\u00e9sus Christ n\u2019est pas circonscrit dans un lieu quelconque, ni plus petit que le ciel ; les cieux au contraire sont l\u2019\u0153uvre de ses doigts, et sa main renferme toute la terre. Il est en toute chose et hors de toutes choses. Ne va pas t\u2019imaginer que le soleil est plus brillant que lui ou lui est \u00e9gal, car celui qui d\u2019abord a cr\u00e9\u00e9 le soleil doit, sans comparaison, \u00eatre beaucoup plus grand et plus brillant que lui. Il sait d\u2019avance ce qui doit exister, il est plus fort que tous les \u00eatres, il les conna\u00eet tous, il en fait ce qu\u2019il veut. Il n\u2019est pas soumis aux vicissitudes des choses, ni \u00e0 la naissance, ni \u00e9galement \u00e0 la fortune, ni \u00e0 l\u2019in\u00e9luctable. Il est de tout point parfait et poss\u00e8de \u00e9galement toute forme de vertu. Il ne subit ni amoindrissement ni accroissement, mais il est toujours dans le m\u00eame \u00e9tat et absolument identique \u00e0 lui-m\u00eame. Il a pr\u00e9par\u00e9 aux p\u00e9cheurs un ch\u00e2timent, aux justes une couronne.<\/p>\n<p>Bien des gens, de diff\u00e9rentes mani\u00e8res, se sont \u00e9gar\u00e9s loin de ce Dieu unique. (\u2026) \u00c9tablis donc d\u2019abord solidement dans ton \u00e2me ce dogme de la pi\u00e9t\u00e9 par le moyen de la foi.<\/p>\n<h3 class=\"GospelCommentaryAuthor-name commentary-author font-2\">Saint Cyrille de J\u00e9rusalem (313-350)<\/h3>\n<p>&nbsp;<\/p>\n<p>&nbsp;<\/p>\n<p>&nbsp;<\/p>\n","protected":false},"excerpt":{"rendered":"<p>Que votre \u00e2me re\u00e7oive le dogme fondamental qui concerne Dieu : il n\u2019y a qu\u2019un Dieu, un seul, sans naissance, sans commencement, sans changement ni mutation. Il n\u2019a pas \u00e9t\u00e9 engendr\u00e9 par un autre, il n\u2019a pas d\u2019autre \u00eatre pour prendre la succession de sa vie. Il n\u2019a pas commenc\u00e9 de vivre dans le temps, [&hellip;]<\/p>\n","protected":false},"author":2,"featured_media":0,"comment_status":"closed","ping_status":"closed","sticky":false,"template":"","format":"standard","meta":{"footnotes":""},"categories":[13,1261],"tags":[414,792,1499],"class_list":["post-24064","post","type-post","status-publish","format-standard","hentry","category-ecritures","category-enseignement-2","tag-fils-de-dieu","tag-pere","tag-st-cyrille-de-jerusalem"],"_links":{"self":[{"href":"https:\/\/www.associationdemarie.org\/blog\/wp-json\/wp\/v2\/posts\/24064","targetHints":{"allow":["GET"]}}],"collection":[{"href":"https:\/\/www.associationdemarie.org\/blog\/wp-json\/wp\/v2\/posts"}],"about":[{"href":"https:\/\/www.associationdemarie.org\/blog\/wp-json\/wp\/v2\/types\/post"}],"author":[{"embeddable":true,"href":"https:\/\/www.associationdemarie.org\/blog\/wp-json\/wp\/v2\/users\/2"}],"replies":[{"embeddable":true,"href":"https:\/\/www.associationdemarie.org\/blog\/wp-json\/wp\/v2\/comments?post=24064"}],"version-history":[{"count":1,"href":"https:\/\/www.associationdemarie.org\/blog\/wp-json\/wp\/v2\/posts\/24064\/revisions"}],"predecessor-version":[{"id":24066,"href":"https:\/\/www.associationdemarie.org\/blog\/wp-json\/wp\/v2\/posts\/24064\/revisions\/24066"}],"wp:attachment":[{"href":"https:\/\/www.associationdemarie.org\/blog\/wp-json\/wp\/v2\/media?parent=24064"}],"wp:term":[{"taxonomy":"category","embeddable":true,"href":"https:\/\/www.associationdemarie.org\/blog\/wp-json\/wp\/v2\/categories?post=24064"},{"taxonomy":"post_tag","embeddable":true,"href":"https:\/\/www.associationdemarie.org\/blog\/wp-json\/wp\/v2\/tags?post=24064"}],"curies":[{"name":"wp","href":"https:\/\/api.w.org\/{rel}","templated":true}]}}