{"id":24054,"date":"2024-03-10T01:06:46","date_gmt":"2024-03-10T00:06:46","guid":{"rendered":"http:\/\/www.associationdemarie.org\/blog\/?p=24054"},"modified":"2024-02-25T09:08:26","modified_gmt":"2024-02-25T08:08:26","slug":"dieu-a-envoye-son-fils-pour-que-par-lui-le-monde-soit-sauve","status":"publish","type":"post","link":"https:\/\/www.associationdemarie.org\/blog\/dieu-a-envoye-son-fils-pour-que-par-lui-le-monde-soit-sauve\/","title":{"rendered":"\u00ab Dieu a envoy\u00e9 son Fils pour que, par lui, le monde soit sauv\u00e9. \u00bb"},"content":{"rendered":"<p><img loading=\"lazy\" decoding=\"async\" class=\"aligncenter size-full wp-image-24055\" src=\"https:\/\/www.associationdemarie.org\/blog\/wp-content\/uploads\/2024\/02\/10-03.jpeg\" alt=\"\" width=\"320\" height=\"320\" srcset=\"https:\/\/www.associationdemarie.org\/blog\/wp-content\/uploads\/2024\/02\/10-03.jpeg 320w, https:\/\/www.associationdemarie.org\/blog\/wp-content\/uploads\/2024\/02\/10-03-150x150.jpeg 150w, https:\/\/www.associationdemarie.org\/blog\/wp-content\/uploads\/2024\/02\/10-03-300x300.jpeg 300w\" sizes=\"auto, (max-width: 320px) 100vw, 320px\" \/><\/p>\n<p>[Sainte Catherine a entendu Dieu lui dire :] Ouvre, ma fille, l&rsquo;\u0153il de ton intelligence ; tu d\u00e9couvriras les aveugles et les ignorants, et tu verras aussi les imparfaits et les parfaits qui me suivent vraiment. Tu \u00e9prouveras ainsi de la douleur de la damnation des ignorants et de l&rsquo;all\u00e9gresse pour la perfection de mes enfants bien-aim\u00e9s. Tu d\u00e9couvriras aussi comment se comportent ceux qui cheminent \u00e0 ma lumi\u00e8re et ceux qui vont par les t\u00e9n\u00e8bres.<\/p>\n<p>Mais auparavant je veux que tu regardes le Pont, que je vous ai construit en mon Fils unique, et que tu contemples sa grandeur qui va du ciel \u00e0 la terre ; puisque la grandeur de la Divinit\u00e9 est unie \u00e0 la terre de votre humanit\u00e9. C&rsquo;est pourquoi je te dis qu&rsquo;il va du ciel \u00e0 la terre, par l&rsquo;union qu&rsquo;il a faite avec l&rsquo;homme. Cela fut n\u00e9cessaire pour refaire la voie qui \u00e9tait rompue, comme je t&rsquo;ai dit, et permettre de traverser l&rsquo;amertume du monde, pour arriver \u00e0 la vie. En partant de la terre, on ne le pouvait \u00e9tablir d&rsquo;une grandeur suffisante pour passer le fleuve et rejoindre la vie \u00e9ternelle, puisque la terre de la nature humaine \u00e9tait incapable par elle seule de satisfaire au p\u00e9ch\u00e9 et de d\u00e9truire la tache du p\u00e9ch\u00e9 d&rsquo;Adam qui a corrompu et infect\u00e9 toute la race humaine, comme je t&rsquo;ai d\u00e9j\u00e0 dit. Il \u00e9tait donc n\u00e9cessaire de la conjoindre \u00e0 la grandeur de ma nature, D\u00e9it\u00e9 \u00e9ternelle, pour qu&rsquo;elle p\u00fbt satisfaire pour toute la race humaine : il fallait que la nature humaine sub\u00eet la peine et que la nature divine unie avec cette nature humaine accept\u00e2t le sacrifice que mon Fils m&rsquo;offrait \u00e0 moi, pour d\u00e9truire la mort et vous rendre la vie.<\/p>\n<p>Ainsi la Grandeur s&rsquo;est abaiss\u00e9e jusqu&rsquo;\u00e0 la terre de votre humanit\u00e9 : en s&rsquo;unissant \u00e0 elle, elle a \u00e9difi\u00e9 un pont et r\u00e9tabli la route. Pourquoi cette voie ? Pour que, en v\u00e9rit\u00e9, l&rsquo;homme v\u00eent se r\u00e9jouir avec la nature ang\u00e9lique. Mais, pour obtenir la vie, il ne suffirait pas que mon Fils soit devenu le pont, si vous, vous ne passiez pas par ce pont.<\/p>\n<h3 class=\"GospelCommentaryAuthor-name commentary-author font-2\">Sainte Catherine de Sienne (1347-1380)<\/h3>\n<p>&nbsp;<\/p>\n<p>&nbsp;<\/p>\n<p>&nbsp;<\/p>\n","protected":false},"excerpt":{"rendered":"<p>[Sainte Catherine a entendu Dieu lui dire :] Ouvre, ma fille, l&rsquo;\u0153il de ton intelligence ; tu d\u00e9couvriras les aveugles et les ignorants, et tu verras aussi les imparfaits et les parfaits qui me suivent vraiment. Tu \u00e9prouveras ainsi de la douleur de la damnation des ignorants et de l&rsquo;all\u00e9gresse pour la perfection de mes [&hellip;]<\/p>\n","protected":false},"author":2,"featured_media":0,"comment_status":"closed","ping_status":"closed","sticky":false,"template":"","format":"standard","meta":{"footnotes":""},"categories":[13,1261],"tags":[184,871,1089],"class_list":["post-24054","post","type-post","status-publish","format-standard","hentry","category-ecritures","category-enseignement-2","tag-careme","tag-redempteur","tag-ste-catherine-de-sienne"],"_links":{"self":[{"href":"https:\/\/www.associationdemarie.org\/blog\/wp-json\/wp\/v2\/posts\/24054","targetHints":{"allow":["GET"]}}],"collection":[{"href":"https:\/\/www.associationdemarie.org\/blog\/wp-json\/wp\/v2\/posts"}],"about":[{"href":"https:\/\/www.associationdemarie.org\/blog\/wp-json\/wp\/v2\/types\/post"}],"author":[{"embeddable":true,"href":"https:\/\/www.associationdemarie.org\/blog\/wp-json\/wp\/v2\/users\/2"}],"replies":[{"embeddable":true,"href":"https:\/\/www.associationdemarie.org\/blog\/wp-json\/wp\/v2\/comments?post=24054"}],"version-history":[{"count":1,"href":"https:\/\/www.associationdemarie.org\/blog\/wp-json\/wp\/v2\/posts\/24054\/revisions"}],"predecessor-version":[{"id":24056,"href":"https:\/\/www.associationdemarie.org\/blog\/wp-json\/wp\/v2\/posts\/24054\/revisions\/24056"}],"wp:attachment":[{"href":"https:\/\/www.associationdemarie.org\/blog\/wp-json\/wp\/v2\/media?parent=24054"}],"wp:term":[{"taxonomy":"category","embeddable":true,"href":"https:\/\/www.associationdemarie.org\/blog\/wp-json\/wp\/v2\/categories?post=24054"},{"taxonomy":"post_tag","embeddable":true,"href":"https:\/\/www.associationdemarie.org\/blog\/wp-json\/wp\/v2\/tags?post=24054"}],"curies":[{"name":"wp","href":"https:\/\/api.w.org\/{rel}","templated":true}]}}