{"id":24051,"date":"2024-03-09T01:44:12","date_gmt":"2024-03-09T00:44:12","guid":{"rendered":"http:\/\/www.associationdemarie.org\/blog\/?p=24051"},"modified":"2024-02-24T07:45:46","modified_gmt":"2024-02-24T06:45:46","slug":"celui-qui-juge-est-plus-coupable-que-celui-qui-est-juge","status":"publish","type":"post","link":"https:\/\/www.associationdemarie.org\/blog\/celui-qui-juge-est-plus-coupable-que-celui-qui-est-juge\/","title":{"rendered":"Celui qui juge est plus coupable que celui qui est jug\u00e9"},"content":{"rendered":"<p><img loading=\"lazy\" decoding=\"async\" class=\"size-full wp-image-24052 alignleft\" src=\"https:\/\/www.associationdemarie.org\/blog\/wp-content\/uploads\/2024\/02\/9-03.jpg\" alt=\"\" width=\"225\" height=\"225\" srcset=\"https:\/\/www.associationdemarie.org\/blog\/wp-content\/uploads\/2024\/02\/9-03.jpg 225w, https:\/\/www.associationdemarie.org\/blog\/wp-content\/uploads\/2024\/02\/9-03-150x150.jpg 150w\" sizes=\"auto, (max-width: 225px) 100vw, 225px\" \/><\/p>\n<p>Nous voyons que le pharisien jugeait bien t\u00e9m\u00e9rairement le publicain d\u2019\u00eatre un voleur, parce qu\u2019il recevait les imp\u00f4ts ; en disant, sans le savoir, qu\u2019il demandait plus qu\u2019il ne fallait et qu\u2019il ne se servait de son autorit\u00e9 que pour faire des injustices. Cependant, ce pr\u00e9tendu voleur se retire des pieds de Dieu, justifi\u00e9, et ce pharisien, qui se croyait parfait, s\u2019en va chez lui plus coupable ; ce qui nous montre que, le plus souvent, celui qui juge est plus coupable que celui qui est jug\u00e9. (\u2026)<\/p>\n<p>Mais ces mauvais c\u0153urs, ces c\u0153urs orgueilleux, jaloux et envieux, puisque ce sont ces trois vices qui engendrent tous ces jugements que l\u2019on porte sur ses voisins\u2026 A-t-on vol\u00e9 quelqu\u2019un ? A-t-on perdu quelque chose ? De suite, nous pensons que c\u2019est peut-\u00eatre bien un tel qui a fait cela, et nous le pensons sans m\u00eame en avoir la moindre connaissance. Ah ! Mes fr\u00e8res, si vous connaissiez bien ce p\u00e9ch\u00e9, vous verriez que c\u2019est un des p\u00e9ch\u00e9s les plus \u00e0 craindre, qui est le moins connu et le plus difficile \u00e0 corriger. \u00c9coutez ces c\u0153urs qui sont imbus de ce vice. Si quelqu\u2019un exerce quelque emploi, quelque charge dans lesquels d\u2019autres ont fait quelque injustice ; de suite, ils concluent que tous ceux qui prennent la place font de m\u00eame, qu\u2019ils ne valent pas mieux que les autres, qu\u2019ils sont tous des voleurs et des adroits. (\u2026)<\/p>\n<p>Ah ! mes fr\u00e8res, si nous avions le bonheur d\u2019\u00eatre exempts de l\u2019orgueil et de l\u2019envie, nous ne jugerions jamais personne, nous nous contenterions de pleurer sur nos mis\u00e8res spirituelles et de prier pour les pauvres p\u00e9cheurs, et pas autre chose ; \u00e9tant bien convaincus que le bon Dieu ne nous demandera compte que de nos actions et non de celles des autres.<\/p>\n<h3 class=\"GospelCommentaryAuthor-name commentary-author font-2\">Saint Jean-Marie Vianney (1786-1859)<\/h3>\n<p>&nbsp;<\/p>\n<p>&nbsp;<\/p>\n<p>&nbsp;<\/p>\n","protected":false},"excerpt":{"rendered":"<p>Nous voyons que le pharisien jugeait bien t\u00e9m\u00e9rairement le publicain d\u2019\u00eatre un voleur, parce qu\u2019il recevait les imp\u00f4ts ; en disant, sans le savoir, qu\u2019il demandait plus qu\u2019il ne fallait et qu\u2019il ne se servait de son autorit\u00e9 que pour faire des injustices. Cependant, ce pr\u00e9tendu voleur se retire des pieds de Dieu, justifi\u00e9, et [&hellip;]<\/p>\n","protected":false},"author":2,"featured_media":0,"comment_status":"closed","ping_status":"closed","sticky":false,"template":"","format":"standard","meta":{"footnotes":""},"categories":[13,1261],"tags":[553,1023],"class_list":["post-24051","post","type-post","status-publish","format-standard","hentry","category-ecritures","category-enseignement-2","tag-jugement","tag-st-cure-dars"],"_links":{"self":[{"href":"https:\/\/www.associationdemarie.org\/blog\/wp-json\/wp\/v2\/posts\/24051","targetHints":{"allow":["GET"]}}],"collection":[{"href":"https:\/\/www.associationdemarie.org\/blog\/wp-json\/wp\/v2\/posts"}],"about":[{"href":"https:\/\/www.associationdemarie.org\/blog\/wp-json\/wp\/v2\/types\/post"}],"author":[{"embeddable":true,"href":"https:\/\/www.associationdemarie.org\/blog\/wp-json\/wp\/v2\/users\/2"}],"replies":[{"embeddable":true,"href":"https:\/\/www.associationdemarie.org\/blog\/wp-json\/wp\/v2\/comments?post=24051"}],"version-history":[{"count":1,"href":"https:\/\/www.associationdemarie.org\/blog\/wp-json\/wp\/v2\/posts\/24051\/revisions"}],"predecessor-version":[{"id":24053,"href":"https:\/\/www.associationdemarie.org\/blog\/wp-json\/wp\/v2\/posts\/24051\/revisions\/24053"}],"wp:attachment":[{"href":"https:\/\/www.associationdemarie.org\/blog\/wp-json\/wp\/v2\/media?parent=24051"}],"wp:term":[{"taxonomy":"category","embeddable":true,"href":"https:\/\/www.associationdemarie.org\/blog\/wp-json\/wp\/v2\/categories?post=24051"},{"taxonomy":"post_tag","embeddable":true,"href":"https:\/\/www.associationdemarie.org\/blog\/wp-json\/wp\/v2\/tags?post=24051"}],"curies":[{"name":"wp","href":"https:\/\/api.w.org\/{rel}","templated":true}]}}