{"id":24014,"date":"2024-03-04T01:08:45","date_gmt":"2024-03-04T00:08:45","guid":{"rendered":"http:\/\/www.associationdemarie.org\/blog\/?p=24014"},"modified":"2024-02-19T08:10:54","modified_gmt":"2024-02-19T07:10:54","slug":"le-careme-conduit-au-bapteme","status":"publish","type":"post","link":"https:\/\/www.associationdemarie.org\/blog\/le-careme-conduit-au-bapteme\/","title":{"rendered":"Le Car\u00eame conduit au bapt\u00eame"},"content":{"rendered":"<p><img loading=\"lazy\" decoding=\"async\" class=\"aligncenter  wp-image-24015\" src=\"https:\/\/www.associationdemarie.org\/blog\/wp-content\/uploads\/2024\/02\/4-03-1024x514.jpg\" alt=\"\" width=\"463\" height=\"232\" srcset=\"https:\/\/www.associationdemarie.org\/blog\/wp-content\/uploads\/2024\/02\/4-03-1024x514.jpg 1024w, https:\/\/www.associationdemarie.org\/blog\/wp-content\/uploads\/2024\/02\/4-03-300x151.jpg 300w, https:\/\/www.associationdemarie.org\/blog\/wp-content\/uploads\/2024\/02\/4-03-768x386.jpg 768w\" sizes=\"auto, (max-width: 463px) 100vw, 463px\" \/><\/p>\n<p>Tu t&rsquo;es approch\u00e9, tu as vu la fontaine baptismale, tu as vu aussi l&rsquo;\u00e9v\u00eaque pr\u00e8s de la fontaine. Et sans doute est-il tomb\u00e9 dans ton \u00e2me la m\u00eame pens\u00e9e qui s&rsquo;est insinu\u00e9e en celle de Naaman, le Syrien. Car, bien qu&rsquo;il ait \u00e9t\u00e9 purifi\u00e9, il avait cependant dout\u00e9 d&rsquo;abord&#8230; Je crains que quelqu&rsquo;un ait dit : \u00ab C&rsquo;est tout ? \u00bb Oui, c&rsquo;est vraiment tout : l\u00e0 est toute innocence, toute pi\u00e9t\u00e9, toute gr\u00e2ce, toute saintet\u00e9. Tu as vu ce que tu as pu voir des yeux de ton corps&#8230; ; ce qu&rsquo;on ne voit pas est bien plus grand&#8230;, car ce qu&rsquo;on ne voit pas est \u00e9ternel&#8230; Quoi de plus \u00e9tonnant que la travers\u00e9e de la Mer Rouge par les Isra\u00e9lites, pour ne parler \u00e0 pr\u00e9sent que du bapt\u00eame ? Et pourtant ceux qui l&rsquo;ont travers\u00e9 sont tous morts dans le d\u00e9sert. Au contraire, celui qui traverse la fontaine baptismale, c&rsquo;est-\u00e0-dire celui qui passe des biens terrestres \u00e0 ceux du ciel&#8230;, ne meurt pas mais ressuscite.<\/p>\n<p>Naaman \u00e9tait l\u00e9preux&#8230; \u00c0 son arriv\u00e9e, le proph\u00e8te lui a dit : \u00ab Va, descends dans le Jourdain, baigne-toi et tu seras gu\u00e9ri. \u00bb Il s&rsquo;est mis \u00e0 r\u00e9fl\u00e9chir en lui-m\u00eame et s&rsquo;est dit : \u00ab C&rsquo;est tout ? Je suis venu de Syrie jusqu&rsquo;en Jud\u00e9e et on me dit : Va au Jourdain, baigne-toi et tu seras gu\u00e9ri. Comme s&rsquo;il n&rsquo;y avait pas des fleuves meilleurs dans mon pays ! \u00bb Ses serviteurs lui disent : \u00ab Ma\u00eetre, pourquoi ne fais-tu pas ce que dit le proph\u00e8te ? Fais-le plut\u00f4t et essaie. \u00bb Alors il s&rsquo;est rendu au Jourdain, s&rsquo;est baign\u00e9 et en est sorti gu\u00e9ri.<\/p>\n<p>Qu&rsquo;est-ce que cela signifie ? Tu as vu de l&rsquo;eau, mais toute eau ne gu\u00e9rit pas ; par contre, l&rsquo;eau qui a la gr\u00e2ce du Christ gu\u00e9rit. Il y a une diff\u00e9rence entre l&rsquo;\u00e9l\u00e9ment et la sanctification, entre l&rsquo;acte et l&rsquo;efficacit\u00e9. L&rsquo;acte s&rsquo;accomplit avec de l&rsquo;eau, mais l&rsquo;efficacit\u00e9 vient de l&rsquo;Esprit Saint. L&rsquo;eau ne gu\u00e9rit pas si l&rsquo;Esprit Saint n&rsquo;est descendu et n&rsquo;a consacr\u00e9 cette eau. Tu as lu que lorsque notre Seigneur J\u00e9sus Christ a institu\u00e9 le rite du bapt\u00eame, il est venu \u00e0 Jean et celui-ci lui a dit : \u00ab C&rsquo;est moi qui dois \u00eatre baptis\u00e9 par toi, et c&rsquo;est toi qui viens \u00e0 moi ? \u00bb (Mt 3,14)&#8230; Le Christ est descendu ; Jean qui baptisait \u00e9tait \u00e0 ses c\u00f4t\u00e9s ; et voici que, telle une colombe, descendit l&rsquo;Esprit Saint&#8230; Pourquoi le Christ est-il descendu le premier et ensuite l&rsquo;Esprit Saint ? Pour quelle raison ? Pour que le Seigneur ne paraisse pas avoir besoin du sacrement de la sanctification : c&rsquo;est lui qui sanctifie, et c&rsquo;est aussi l&rsquo;Esprit qui sanctifie.<\/p>\n<h3 class=\"GospelCommentaryAuthor-name commentary-author font-2\">Saint Ambroise (v. 340-397)<\/h3>\n<p>&nbsp;<\/p>\n<p>&nbsp;<\/p>\n<p>&nbsp;<\/p>\n<p>&nbsp;<\/p>\n","protected":false},"excerpt":{"rendered":"<p>Tu t&rsquo;es approch\u00e9, tu as vu la fontaine baptismale, tu as vu aussi l&rsquo;\u00e9v\u00eaque pr\u00e8s de la fontaine. Et sans doute est-il tomb\u00e9 dans ton \u00e2me la m\u00eame pens\u00e9e qui s&rsquo;est insinu\u00e9e en celle de Naaman, le Syrien. Car, bien qu&rsquo;il ait \u00e9t\u00e9 purifi\u00e9, il avait cependant dout\u00e9 d&rsquo;abord&#8230; Je crains que quelqu&rsquo;un ait dit [&hellip;]<\/p>\n","protected":false},"author":2,"featured_media":0,"comment_status":"closed","ping_status":"closed","sticky":false,"template":"","format":"standard","meta":{"footnotes":""},"categories":[13,1261],"tags":[131,184,378,1483,1007],"class_list":["post-24014","post","type-post","status-publish","format-standard","hentry","category-ecritures","category-enseignement-2","tag-bapteme","tag-careme","tag-esprit-saint","tag-naaman","tag-st-ambroise"],"_links":{"self":[{"href":"https:\/\/www.associationdemarie.org\/blog\/wp-json\/wp\/v2\/posts\/24014","targetHints":{"allow":["GET"]}}],"collection":[{"href":"https:\/\/www.associationdemarie.org\/blog\/wp-json\/wp\/v2\/posts"}],"about":[{"href":"https:\/\/www.associationdemarie.org\/blog\/wp-json\/wp\/v2\/types\/post"}],"author":[{"embeddable":true,"href":"https:\/\/www.associationdemarie.org\/blog\/wp-json\/wp\/v2\/users\/2"}],"replies":[{"embeddable":true,"href":"https:\/\/www.associationdemarie.org\/blog\/wp-json\/wp\/v2\/comments?post=24014"}],"version-history":[{"count":2,"href":"https:\/\/www.associationdemarie.org\/blog\/wp-json\/wp\/v2\/posts\/24014\/revisions"}],"predecessor-version":[{"id":24017,"href":"https:\/\/www.associationdemarie.org\/blog\/wp-json\/wp\/v2\/posts\/24014\/revisions\/24017"}],"wp:attachment":[{"href":"https:\/\/www.associationdemarie.org\/blog\/wp-json\/wp\/v2\/media?parent=24014"}],"wp:term":[{"taxonomy":"category","embeddable":true,"href":"https:\/\/www.associationdemarie.org\/blog\/wp-json\/wp\/v2\/categories?post=24014"},{"taxonomy":"post_tag","embeddable":true,"href":"https:\/\/www.associationdemarie.org\/blog\/wp-json\/wp\/v2\/tags?post=24014"}],"curies":[{"name":"wp","href":"https:\/\/api.w.org\/{rel}","templated":true}]}}