{"id":23990,"date":"2024-02-27T01:48:03","date_gmt":"2024-02-27T00:48:03","guid":{"rendered":"http:\/\/www.associationdemarie.org\/blog\/?p=23990"},"modified":"2024-02-13T07:49:45","modified_gmt":"2024-02-13T06:49:45","slug":"qui-sabaissera-sera-eleve-4","status":"publish","type":"post","link":"https:\/\/www.associationdemarie.org\/blog\/qui-sabaissera-sera-eleve-4\/","title":{"rendered":"\u00ab Qui s&rsquo;abaissera sera \u00e9lev\u00e9. \u00bb"},"content":{"rendered":"<p><img loading=\"lazy\" decoding=\"async\" class=\"aligncenter  wp-image-23991\" src=\"https:\/\/www.associationdemarie.org\/blog\/wp-content\/uploads\/2024\/02\/27-02-qui-selevera-sera-abaisse.jpg\" alt=\"\" width=\"478\" height=\"287\" srcset=\"https:\/\/www.associationdemarie.org\/blog\/wp-content\/uploads\/2024\/02\/27-02-qui-selevera-sera-abaisse.jpg 680w, https:\/\/www.associationdemarie.org\/blog\/wp-content\/uploads\/2024\/02\/27-02-qui-selevera-sera-abaisse-300x180.jpg 300w\" sizes=\"auto, (max-width: 478px) 100vw, 478px\" \/><\/p>\n<p>[Sainte Catherine a entendu Dieu lui dire :] Tu demandes \u00e0 me conna\u00eetre et \u00e0 m&rsquo;aimer, moi, la V\u00e9rit\u00e9 supr\u00eame. Voici la voie pour quiconque veut arriver \u00e0 me conna\u00eetre parfaitement et me go\u00fbter, moi la V\u00e9rit\u00e9 \u00e9ternelle : ne sors jamais de la connaissance de toi-m\u00eame et, abaiss\u00e9e que tu seras dans la vall\u00e9e de l&rsquo;humilit\u00e9, c&rsquo;est en toi-m\u00eame que tu me conna\u00eetras. C&rsquo;est dans cette connaissance que tu puiseras tout ce qui te manque, tout ce qui t&rsquo;est n\u00e9cessaire. Aucune vertu n&rsquo;a de vie en elle-m\u00eame \u00e0 moins de la tirer de la charit\u00e9 ; or l&rsquo;humilit\u00e9 est la nourrice et la gouvernante de la charit\u00e9. Dans la connaissance de toi-m\u00eame tu deviendras humble, puisque tu y verras que tu n&rsquo;es rien par toi-m\u00eame et que ton \u00eatre vient de moi puisque je vous ai aim\u00e9s avant que vous ayez exist\u00e9. A cause de cet amour inexprimable que j&rsquo;ai eu pour vous, voulant vous cr\u00e9er de nouveau par la gr\u00e2ce, je vous ai lav\u00e9s et re-cr\u00e9\u00e9s dans le sang r\u00e9pandu par mon Fils unique avec un si grand feu d&rsquo;amour.<\/p>\n<p>Seul ce sang, lui seul, fait conna\u00eetre la v\u00e9rit\u00e9 \u00e0 celui qui a dissip\u00e9 le brouillard de l&rsquo;amour-propre par cette connaissance de soi-m\u00eame. C&rsquo;est alors que, me connaissant moi-m\u00eame, l&rsquo;\u00e2me s&#8217;embrase d&rsquo;un amour inexprimable, et c&rsquo;est \u00e0 cause de cet amour qu&rsquo;elle \u00e9prouve une douleur continuelle. Non pas une douleur qui l&rsquo;afflige ou la dess\u00e8che (loin de l\u00e0, puisqu&rsquo;au contraire elle la f\u00e9conde) mais parce qu&rsquo;ayant connu ma v\u00e9rit\u00e9, et ses propres fautes, son ingratitude et son aveuglement envers le prochain, elle en ressent une douleur intol\u00e9rable. Mais si elle en souffre, c&rsquo;est parce qu&rsquo;elle m&rsquo;aime, car si elle ne m&rsquo;aimait pas elle ne s&rsquo;en affligerait pas.<\/p>\n<h3 class=\"GospelCommentaryAuthor-name commentary-author font-2\">Sainte Catherine de Sienne (1347-1380)<\/h3>\n<p>&nbsp;<\/p>\n<p>&nbsp;<\/p>\n<p>&nbsp;<\/p>\n","protected":false},"excerpt":{"rendered":"<p>[Sainte Catherine a entendu Dieu lui dire :] Tu demandes \u00e0 me conna\u00eetre et \u00e0 m&rsquo;aimer, moi, la V\u00e9rit\u00e9 supr\u00eame. Voici la voie pour quiconque veut arriver \u00e0 me conna\u00eetre parfaitement et me go\u00fbter, moi la V\u00e9rit\u00e9 \u00e9ternelle : ne sors jamais de la connaissance de toi-m\u00eame et, abaiss\u00e9e que tu seras dans la vall\u00e9e [&hellip;]<\/p>\n","protected":false},"author":2,"featured_media":0,"comment_status":"closed","ping_status":"closed","sticky":false,"template":"","format":"standard","meta":{"footnotes":""},"categories":[13,1261],"tags":[487,1089],"class_list":["post-23990","post","type-post","status-publish","format-standard","hentry","category-ecritures","category-enseignement-2","tag-humilite","tag-ste-catherine-de-sienne"],"_links":{"self":[{"href":"https:\/\/www.associationdemarie.org\/blog\/wp-json\/wp\/v2\/posts\/23990","targetHints":{"allow":["GET"]}}],"collection":[{"href":"https:\/\/www.associationdemarie.org\/blog\/wp-json\/wp\/v2\/posts"}],"about":[{"href":"https:\/\/www.associationdemarie.org\/blog\/wp-json\/wp\/v2\/types\/post"}],"author":[{"embeddable":true,"href":"https:\/\/www.associationdemarie.org\/blog\/wp-json\/wp\/v2\/users\/2"}],"replies":[{"embeddable":true,"href":"https:\/\/www.associationdemarie.org\/blog\/wp-json\/wp\/v2\/comments?post=23990"}],"version-history":[{"count":1,"href":"https:\/\/www.associationdemarie.org\/blog\/wp-json\/wp\/v2\/posts\/23990\/revisions"}],"predecessor-version":[{"id":23992,"href":"https:\/\/www.associationdemarie.org\/blog\/wp-json\/wp\/v2\/posts\/23990\/revisions\/23992"}],"wp:attachment":[{"href":"https:\/\/www.associationdemarie.org\/blog\/wp-json\/wp\/v2\/media?parent=23990"}],"wp:term":[{"taxonomy":"category","embeddable":true,"href":"https:\/\/www.associationdemarie.org\/blog\/wp-json\/wp\/v2\/categories?post=23990"},{"taxonomy":"post_tag","embeddable":true,"href":"https:\/\/www.associationdemarie.org\/blog\/wp-json\/wp\/v2\/tags?post=23990"}],"curies":[{"name":"wp","href":"https:\/\/api.w.org\/{rel}","templated":true}]}}