{"id":23986,"date":"2024-02-26T01:58:32","date_gmt":"2024-02-26T00:58:32","guid":{"rendered":"http:\/\/www.associationdemarie.org\/blog\/?p=23986"},"modified":"2024-02-12T09:00:41","modified_gmt":"2024-02-12T08:00:41","slug":"que-ta-misericorde-repose-en-moi-seigneur","status":"publish","type":"post","link":"https:\/\/www.associationdemarie.org\/blog\/que-ta-misericorde-repose-en-moi-seigneur\/","title":{"rendered":"Que Ta mis\u00e9ricorde repose en moi, Seigneur !"},"content":{"rendered":"<p><img loading=\"lazy\" decoding=\"async\" class=\"aligncenter wp-image-23987\" src=\"https:\/\/www.associationdemarie.org\/blog\/wp-content\/uploads\/2024\/02\/26-02-cropped-jesus.jpg\" alt=\"\" width=\"411\" height=\"364\" srcset=\"https:\/\/www.associationdemarie.org\/blog\/wp-content\/uploads\/2024\/02\/26-02-cropped-jesus.jpg 1015w, https:\/\/www.associationdemarie.org\/blog\/wp-content\/uploads\/2024\/02\/26-02-cropped-jesus-300x265.jpg 300w, https:\/\/www.associationdemarie.org\/blog\/wp-content\/uploads\/2024\/02\/26-02-cropped-jesus-768x679.jpg 768w\" sizes=\"auto, (max-width: 411px) 100vw, 411px\" \/><\/p>\n<p>\u00c0 chaque souffle de mon \u00eatre, \u00e0 chaque battement de mon c\u0153ur, \u00e0 chacune des pulsations du sang dans mon corps, autant de fois je d\u00e9sire exalter Ta mis\u00e9ricorde, \u00f4 Tr\u00e8s Sainte Trinit\u00e9.<\/p>\n<p>Je d\u00e9sire me transformer tout enti\u00e8re en Ta mis\u00e9ricorde et \u00eatre ainsi un vivant reflet de Toi, \u00f4 Seigneur ; que le plus grand des attributs divins, Ton insondable mis\u00e9ricorde, passe par mon \u00e2me et mon c\u0153ur sur le prochain.<\/p>\n<p>Aide-moi, Seigneur, pour que mes yeux soient mis\u00e9ricordieux, pour que je ne soup\u00e7onne jamais ni ne juge d\u2019apr\u00e8s les apparences ext\u00e9rieures, mais que je discerne la beaut\u00e9 dans l\u2019\u00e2me de mon prochain et que je lui vienne en aide.<\/p>\n<p>Aide-moi, Seigneur, pour que mon oreille soit mis\u00e9ricordieuse, afin que je me penche sur les besoins de mon prochain et ne reste pas indiff\u00e9rente \u00e0 ses douleurs ni \u00e0 ses plaintes.<\/p>\n<p>Aide-moi, Seigneur, pour que ma langue sois mis\u00e9ricordieuse, afin que je ne dise jamais de mal de mon prochain, mais que j\u2019aie pour chacun un mot de consolation et de pardon.<\/p>\n<p>Aide-moi, Seigneur, pour que mes mains soient mis\u00e9ricordieuses et remplies de bonnes actions, afin que je sache faire du bien \u00e0 mon prochain et prendre sur moi les t\u00e2ches les plus lourdes et les plus d\u00e9plaisantes.<\/p>\n<p>Aide-moi Seigneur, pour que mes pieds soient mis\u00e9ricordieux, pour me h\u00e2ter au secours de mon prochain, en dominant ma propre fatigue et ma lassitude. Mon v\u00e9ritable repos est de rendre service \u00e0 mon prochain. (\u2026)<\/p>\n<p>Que Ta mis\u00e9ricorde repose en moi, \u00f4 mon Seigneur.<\/p>\n<h3 class=\"GospelCommentaryAuthor-name commentary-author font-2\">Sainte Faustine Kowalska (1905-1938)<\/h3>\n<p>&nbsp;<\/p>\n<p>&nbsp;<\/p>\n<p>&nbsp;<\/p>\n","protected":false},"excerpt":{"rendered":"<p>\u00c0 chaque souffle de mon \u00eatre, \u00e0 chaque battement de mon c\u0153ur, \u00e0 chacune des pulsations du sang dans mon corps, autant de fois je d\u00e9sire exalter Ta mis\u00e9ricorde, \u00f4 Tr\u00e8s Sainte Trinit\u00e9. Je d\u00e9sire me transformer tout enti\u00e8re en Ta mis\u00e9ricorde et \u00eatre ainsi un vivant reflet de Toi, \u00f4 Seigneur ; que le [&hellip;]<\/p>\n","protected":false},"author":2,"featured_media":0,"comment_status":"closed","ping_status":"closed","sticky":false,"template":"","format":"standard","meta":{"footnotes":""},"categories":[26,27],"tags":[307,830,1094],"class_list":["post-23986","post","type-post","status-publish","format-standard","hentry","category-priere-des-ames","category-prieres","tag-divine-misericorde","tag-priere","tag-ste-faustine"],"_links":{"self":[{"href":"https:\/\/www.associationdemarie.org\/blog\/wp-json\/wp\/v2\/posts\/23986","targetHints":{"allow":["GET"]}}],"collection":[{"href":"https:\/\/www.associationdemarie.org\/blog\/wp-json\/wp\/v2\/posts"}],"about":[{"href":"https:\/\/www.associationdemarie.org\/blog\/wp-json\/wp\/v2\/types\/post"}],"author":[{"embeddable":true,"href":"https:\/\/www.associationdemarie.org\/blog\/wp-json\/wp\/v2\/users\/2"}],"replies":[{"embeddable":true,"href":"https:\/\/www.associationdemarie.org\/blog\/wp-json\/wp\/v2\/comments?post=23986"}],"version-history":[{"count":2,"href":"https:\/\/www.associationdemarie.org\/blog\/wp-json\/wp\/v2\/posts\/23986\/revisions"}],"predecessor-version":[{"id":23989,"href":"https:\/\/www.associationdemarie.org\/blog\/wp-json\/wp\/v2\/posts\/23986\/revisions\/23989"}],"wp:attachment":[{"href":"https:\/\/www.associationdemarie.org\/blog\/wp-json\/wp\/v2\/media?parent=23986"}],"wp:term":[{"taxonomy":"category","embeddable":true,"href":"https:\/\/www.associationdemarie.org\/blog\/wp-json\/wp\/v2\/categories?post=23986"},{"taxonomy":"post_tag","embeddable":true,"href":"https:\/\/www.associationdemarie.org\/blog\/wp-json\/wp\/v2\/tags?post=23986"}],"curies":[{"name":"wp","href":"https:\/\/api.w.org\/{rel}","templated":true}]}}