{"id":23983,"date":"2024-02-25T01:48:26","date_gmt":"2024-02-25T00:48:26","guid":{"rendered":"http:\/\/www.associationdemarie.org\/blog\/?p=23983"},"modified":"2024-02-11T09:50:13","modified_gmt":"2024-02-11T08:50:13","slug":"sur-le-mont-thabor","status":"publish","type":"post","link":"https:\/\/www.associationdemarie.org\/blog\/sur-le-mont-thabor\/","title":{"rendered":"Sur le mont Thabor"},"content":{"rendered":"<p><img loading=\"lazy\" decoding=\"async\" class=\"aligncenter  wp-image-23984\" src=\"https:\/\/www.associationdemarie.org\/blog\/wp-content\/uploads\/2024\/02\/25-02-Transfiguration-Francesco-Zuccarelli.jpg\" alt=\"\" width=\"439\" height=\"365\" srcset=\"https:\/\/www.associationdemarie.org\/blog\/wp-content\/uploads\/2024\/02\/25-02-Transfiguration-Francesco-Zuccarelli.jpg 842w, https:\/\/www.associationdemarie.org\/blog\/wp-content\/uploads\/2024\/02\/25-02-Transfiguration-Francesco-Zuccarelli-300x249.jpg 300w, https:\/\/www.associationdemarie.org\/blog\/wp-content\/uploads\/2024\/02\/25-02-Transfiguration-Francesco-Zuccarelli-768x638.jpg 768w\" sizes=\"auto, (max-width: 439px) 100vw, 439px\" \/><\/p>\n<p>Sur le mont Thabor, J\u00e9sus a fait voir \u00e0 ses disciples une merveilleuse manifestation divine, comme une image pr\u00e9figurative du Royaume des cieux. C&rsquo;est exactement comme s&rsquo;il leur disait : \u00ab Pour que le retard n&rsquo;engendre pas en vous l&rsquo;incr\u00e9dulit\u00e9, d\u00e8s maintenant, imm\u00e9diatement, vraiment je vous le dis, il y en a parmi ceux qui sont ici qui ne conna\u00eetront pas la mort avant d&rsquo;avoir vu le Fils de l&rsquo;homme venir dans la gloire de son p\u00e8re \u00bb (Mt 16,28)&#8230; Telles sont les merveilles divines de cette f\u00eate&#8230; Car c&rsquo;est en m\u00eame temps la mort et la f\u00eate du Christ qui nous rassemblent. Afin de p\u00e9n\u00e9trer dans ces myst\u00e8res avec ceux qui ont \u00e9t\u00e9 choisis parmi les disciples, \u00e9coutons la voix divine et sainte qui, comme d&rsquo;en haut&#8230;, nous convoque de fa\u00e7on pressante : \u00ab Venez, criez vers la montagne du Seigneur, au jour du Seigneur, vers le lieu du Seigneur et dans la maison de votre Dieu \u00bb. \u00c9coutons, afin qu&rsquo;illumin\u00e9s par cette vision, transform\u00e9s, transport\u00e9s&#8230;, nous invoquions cette lumi\u00e8re en disant : \u00ab Qu&rsquo;il est redoutable ce lieu ; il n&rsquo;est moins de rien que la maison de Dieu et la porte du ciel \u00bb (Gn 28,17).<\/p>\n<p>C&rsquo;est donc vers la montagne qu&rsquo;il faut nous h\u00e2ter, comme l&rsquo;a fait J\u00e9sus qui, l\u00e0 comme dans le ciel, est notre guide et notre avant-coureur. Avec lui nous brillerons pour les regards spirituels, nous serons renouvel\u00e9s et divinis\u00e9s dans la constitution de notre \u00e2me ; configur\u00e9s \u00e0 son image, comme lui, nous serons transfigur\u00e9s \u2014 divinis\u00e9s pour toujours et transport\u00e9s dans les hauteurs&#8230;<\/p>\n<p>Accourons donc, dans la confiance et l&rsquo;all\u00e9gresse, et p\u00e9n\u00e9trons dans la nu\u00e9e, comme Mo\u00efse et \u00c9lie, comme Jacques et Jean. Comme Pierre, sois emport\u00e9 dans cette contemplation et cette manifestation divines, sois magnifiquement transform\u00e9, sois transport\u00e9 hors du monde, enlev\u00e9 de cette terre. Laisse-l\u00e0 la chair, quitte la cr\u00e9ation et tourne-toi vers le Cr\u00e9ateur \u00e0 qui Pierre disait, ravi hors de lui-m\u00eame : \u00ab Seigneur, il nous est bon d&rsquo;\u00eatre ici ! \u00bb Oui, Pierre, il est vraiment bon d&rsquo;\u00eatre ici avec J\u00e9sus, et d&rsquo;y \u00eatre pour toujours.<\/p>\n<h3 class=\"GospelCommentaryAuthor-name commentary-author font-2\">Anastase du Sina\u00ef (?-apr\u00e8s 700)<\/h3>\n<p>&nbsp;<\/p>\n<p>&nbsp;<\/p>\n<p>&nbsp;<\/p>\n","protected":false},"excerpt":{"rendered":"<p>Sur le mont Thabor, J\u00e9sus a fait voir \u00e0 ses disciples une merveilleuse manifestation divine, comme une image pr\u00e9figurative du Royaume des cieux. C&rsquo;est exactement comme s&rsquo;il leur disait : \u00ab Pour que le retard n&rsquo;engendre pas en vous l&rsquo;incr\u00e9dulit\u00e9, d\u00e8s maintenant, imm\u00e9diatement, vraiment je vous le dis, il y en a parmi ceux qui [&hellip;]<\/p>\n","protected":false},"author":2,"featured_media":0,"comment_status":"closed","ping_status":"closed","sticky":false,"template":"","format":"standard","meta":{"footnotes":""},"categories":[13,1261],"tags":[1271,690,1149],"class_list":["post-23983","post","type-post","status-publish","format-standard","hentry","category-ecritures","category-enseignement-2","tag-anastase-du-sinai","tag-mont-thabor","tag-transfiguration"],"_links":{"self":[{"href":"https:\/\/www.associationdemarie.org\/blog\/wp-json\/wp\/v2\/posts\/23983","targetHints":{"allow":["GET"]}}],"collection":[{"href":"https:\/\/www.associationdemarie.org\/blog\/wp-json\/wp\/v2\/posts"}],"about":[{"href":"https:\/\/www.associationdemarie.org\/blog\/wp-json\/wp\/v2\/types\/post"}],"author":[{"embeddable":true,"href":"https:\/\/www.associationdemarie.org\/blog\/wp-json\/wp\/v2\/users\/2"}],"replies":[{"embeddable":true,"href":"https:\/\/www.associationdemarie.org\/blog\/wp-json\/wp\/v2\/comments?post=23983"}],"version-history":[{"count":1,"href":"https:\/\/www.associationdemarie.org\/blog\/wp-json\/wp\/v2\/posts\/23983\/revisions"}],"predecessor-version":[{"id":23985,"href":"https:\/\/www.associationdemarie.org\/blog\/wp-json\/wp\/v2\/posts\/23983\/revisions\/23985"}],"wp:attachment":[{"href":"https:\/\/www.associationdemarie.org\/blog\/wp-json\/wp\/v2\/media?parent=23983"}],"wp:term":[{"taxonomy":"category","embeddable":true,"href":"https:\/\/www.associationdemarie.org\/blog\/wp-json\/wp\/v2\/categories?post=23983"},{"taxonomy":"post_tag","embeddable":true,"href":"https:\/\/www.associationdemarie.org\/blog\/wp-json\/wp\/v2\/tags?post=23983"}],"curies":[{"name":"wp","href":"https:\/\/api.w.org\/{rel}","templated":true}]}}