{"id":23977,"date":"2024-02-23T01:57:28","date_gmt":"2024-02-23T00:57:28","guid":{"rendered":"http:\/\/www.associationdemarie.org\/blog\/?p=23977"},"modified":"2024-02-09T08:59:24","modified_gmt":"2024-02-09T07:59:24","slug":"la-confession-nous-prepare-au-temps-de-paques","status":"publish","type":"post","link":"https:\/\/www.associationdemarie.org\/blog\/la-confession-nous-prepare-au-temps-de-paques\/","title":{"rendered":"La confession nous pr\u00e9pare au temps de P\u00e2ques"},"content":{"rendered":"<p><img loading=\"lazy\" decoding=\"async\" class=\"aligncenter  wp-image-23978\" src=\"https:\/\/www.associationdemarie.org\/blog\/wp-content\/uploads\/2024\/02\/23-02-preparing-for-easter-1024x538.jpg\" alt=\"\" width=\"466\" height=\"245\" srcset=\"https:\/\/www.associationdemarie.org\/blog\/wp-content\/uploads\/2024\/02\/23-02-preparing-for-easter-1024x538.jpg 1024w, https:\/\/www.associationdemarie.org\/blog\/wp-content\/uploads\/2024\/02\/23-02-preparing-for-easter-300x158.jpg 300w, https:\/\/www.associationdemarie.org\/blog\/wp-content\/uploads\/2024\/02\/23-02-preparing-for-easter-768x403.jpg 768w, https:\/\/www.associationdemarie.org\/blog\/wp-content\/uploads\/2024\/02\/23-02-preparing-for-easter.jpg 1200w\" sizes=\"auto, (max-width: 466px) 100vw, 466px\" \/><\/p>\n<p>Pourquoi, est-ce, mes fr\u00e8res, que l\u2019\u00c9glise a \u00e9tabli le saint temps de Car\u00eame ? C\u2019est, me direz-vous, pour nous pr\u00e9parer \u00e0 c\u00e9l\u00e9brer dignement le saint temps de P\u00e2ques, qui est un temps o\u00f9 le bon Dieu semble redoubler ses gr\u00e2ces, et excite le remords de nos consciences pour nous faire sortir du p\u00e9ch\u00e9. (\u2026)<\/p>\n<p>Examinons la question de plus pr\u00e8s. Pour faire une bonne confession, qui puisse nous r\u00e9concilier avec Dieu, il faut d\u00e9tester nos p\u00e9ch\u00e9s de tout notre c\u0153ur, non parce que nous voudrions pouvoir nous cacher \u00e0 nous-m\u00eames ; mais il faut nous repentir d\u2019avoir offens\u00e9 un Dieu si bon, d\u2019\u00eatre rest\u00e9 si longtemps dans le p\u00e9ch\u00e9, d\u2019avoir m\u00e9pris\u00e9 toutes ses gr\u00e2ces par lesquelles il nous sollicitait d\u2019en sortir. Voil\u00e0, mes fr\u00e8res, ce qui doit faire couler nos larmes et briser notre c\u0153ur. Dites-moi, mon ami, si vous aviez cette v\u00e9ritable douleur, ne vous empresseriez-vous pas de r\u00e9parer le mal qui en est la cause et de vite rentrer en gr\u00e2ce avec Dieu ? Que diriez-vous d\u2019un homme qui, mal \u00e0 propos, se serait brouill\u00e9 avec son ami, mais qui, reconnaissant sa faute, s\u2019en repent de suite ; ne cherchera-t-il pas la mani\u00e8re de se r\u00e9concilier ? Si son ami fait quelques d\u00e9marches aupr\u00e8s de lui pour cela, ne profitera-t-il pas de l\u2019occasion ? Mais au contraire, s\u2019il m\u00e9prisait tout, n\u2019auriez-vous pas raison de dire qu\u2019il lui est \u00e9gal d\u2019\u00eatre bien ou mal avec cette personne ? La comparaison est sensible. Celui qui a eu le malheur de tomber dans le p\u00e9ch\u00e9, soit par faiblesse ou surprise, ou m\u00eame par malice, s\u2019il en a v\u00e9ritable regret, pourra-t-il rester longtemps dans cet \u00e9tat ? N\u2019aura-t-il pas de suite recours au sacrement de P\u00e9nitence ? (\u2026)<\/p>\n<p>Soupirons sans cesse apr\u00e8s notre v\u00e9ritable patrie qui le ciel, notre gloire, notre r\u00e9compense et notre f\u00e9licit\u00e9. C\u2019est ce que je vous souhaite\u2026<\/p>\n<h3 class=\"GospelCommentaryAuthor-name commentary-author font-2\">Saint Jean-Marie Vianney (1786-1859)<\/h3>\n<p>&nbsp;<\/p>\n<p>&nbsp;<\/p>\n<p>&nbsp;<\/p>\n","protected":false},"excerpt":{"rendered":"<p>Pourquoi, est-ce, mes fr\u00e8res, que l\u2019\u00c9glise a \u00e9tabli le saint temps de Car\u00eame ? C\u2019est, me direz-vous, pour nous pr\u00e9parer \u00e0 c\u00e9l\u00e9brer dignement le saint temps de P\u00e2ques, qui est un temps o\u00f9 le bon Dieu semble redoubler ses gr\u00e2ces, et excite le remords de nos consciences pour nous faire sortir du p\u00e9ch\u00e9. (\u2026) Examinons [&hellip;]<\/p>\n","protected":false},"author":2,"featured_media":0,"comment_status":"closed","ping_status":"closed","sticky":false,"template":"","format":"standard","meta":{"footnotes":""},"categories":[1261],"tags":[184,251,868,1023],"class_list":["post-23977","post","type-post","status-publish","format-standard","hentry","category-enseignement-2","tag-careme","tag-confession","tag-reconciliation","tag-st-cure-dars"],"_links":{"self":[{"href":"https:\/\/www.associationdemarie.org\/blog\/wp-json\/wp\/v2\/posts\/23977","targetHints":{"allow":["GET"]}}],"collection":[{"href":"https:\/\/www.associationdemarie.org\/blog\/wp-json\/wp\/v2\/posts"}],"about":[{"href":"https:\/\/www.associationdemarie.org\/blog\/wp-json\/wp\/v2\/types\/post"}],"author":[{"embeddable":true,"href":"https:\/\/www.associationdemarie.org\/blog\/wp-json\/wp\/v2\/users\/2"}],"replies":[{"embeddable":true,"href":"https:\/\/www.associationdemarie.org\/blog\/wp-json\/wp\/v2\/comments?post=23977"}],"version-history":[{"count":1,"href":"https:\/\/www.associationdemarie.org\/blog\/wp-json\/wp\/v2\/posts\/23977\/revisions"}],"predecessor-version":[{"id":23979,"href":"https:\/\/www.associationdemarie.org\/blog\/wp-json\/wp\/v2\/posts\/23977\/revisions\/23979"}],"wp:attachment":[{"href":"https:\/\/www.associationdemarie.org\/blog\/wp-json\/wp\/v2\/media?parent=23977"}],"wp:term":[{"taxonomy":"category","embeddable":true,"href":"https:\/\/www.associationdemarie.org\/blog\/wp-json\/wp\/v2\/categories?post=23977"},{"taxonomy":"post_tag","embeddable":true,"href":"https:\/\/www.associationdemarie.org\/blog\/wp-json\/wp\/v2\/tags?post=23977"}],"curies":[{"name":"wp","href":"https:\/\/api.w.org\/{rel}","templated":true}]}}