{"id":23956,"date":"2024-02-17T01:44:06","date_gmt":"2024-02-17T00:44:06","guid":{"rendered":"http:\/\/www.associationdemarie.org\/blog\/?p=23956"},"modified":"2024-02-03T08:46:23","modified_gmt":"2024-02-03T07:46:23","slug":"preparons-un-sacrifice-de-misericorde","status":"publish","type":"post","link":"https:\/\/www.associationdemarie.org\/blog\/preparons-un-sacrifice-de-misericorde\/","title":{"rendered":"Pr\u00e9parons un sacrifice de mis\u00e9ricorde"},"content":{"rendered":"<p><img loading=\"lazy\" decoding=\"async\" class=\"aligncenter  wp-image-23957\" src=\"https:\/\/www.associationdemarie.org\/blog\/wp-content\/uploads\/2024\/02\/17-02-psaume-51-723x1024.png\" alt=\"\" width=\"369\" height=\"523\" srcset=\"https:\/\/www.associationdemarie.org\/blog\/wp-content\/uploads\/2024\/02\/17-02-psaume-51-723x1024.png 723w, https:\/\/www.associationdemarie.org\/blog\/wp-content\/uploads\/2024\/02\/17-02-psaume-51-212x300.png 212w, https:\/\/www.associationdemarie.org\/blog\/wp-content\/uploads\/2024\/02\/17-02-psaume-51-768x1088.png 768w, https:\/\/www.associationdemarie.org\/blog\/wp-content\/uploads\/2024\/02\/17-02-psaume-51.png 891w\" sizes=\"auto, (max-width: 369px) 100vw, 369px\" \/><\/p>\n<p>Pour traduire en actes ce bien de la charit\u00e9, mes fr\u00e8res, il est vrai que tous les temps sont bons ; et pourtant, les jours que nous vivons nous y exhortent particuli\u00e8rement. Ceux qui d\u00e9sirent accueillir la P\u00e2que du Seigneur avec la saintet\u00e9 de l\u2019esprit et du corps doivent s\u2019efforcer avant tout d\u2019acqu\u00e9rir cette gr\u00e2ce qui contient la somme des vertus et \u00ab couvre une multitude de p\u00e9ch\u00e9s \u00bb (1 P 4,8).<\/p>\n<p>Sur le point donc de c\u00e9l\u00e9brer le plus grand de tous les myst\u00e8res, celui o\u00f9 le sang de J\u00e9sus Christ a effac\u00e9 nos iniquit\u00e9s, pr\u00e9parons tout d\u2019abord le sacrifice de la mis\u00e9ricorde. Ce que la bont\u00e9 de Dieu nous a donn\u00e9, nous le rendons ainsi \u00e0 ceux qui nous ont offens\u00e9s. Que les injures soient jet\u00e9es dans l\u2019oubli, que les fautes ignorent d\u00e9sormais la torture et que toutes les offenses soient lib\u00e9r\u00e9es de la peur de la vengeance ! (\u2026) Ainsi lorsque nous dirons, selon l\u2019enseignement du Seigneur : \u00ab Pardonne-nous nos offenses comme nous pardonnons aussi \u00e0 ceux qui nous ont offens\u00e9s \u00bb (Mt 6,12), nous ne douterons pas, en formulant notre pri\u00e8re, d\u2019obtenir le pardon de Dieu.<\/p>\n<p>Nous devons aussi montrer une bont\u00e9 plus g\u00e9n\u00e9reuse envers les pauvres et ceux qui souffrent de diverses faiblesses, pour que des voix plus nombreuses puissent rendre gr\u00e2ces \u00e0 Dieu et que nos je\u00fbnes contribuent au soulagement de ceux qui sont dans le besoin. Aucun d\u00e9vouement des croyants n\u2019est plus agr\u00e9able au Seigneur que celui dont ses pauvres b\u00e9n\u00e9ficient : l\u00e0 o\u00f9 Dieu trouve le souci de la mis\u00e9ricorde, il reconna\u00eet l\u2019image de sa bont\u00e9.<\/p>\n<h3 class=\"GospelCommentaryAuthor-name commentary-author font-2\">Saint L\u00e9on le Grand (?-v. 461)<\/h3>\n<p>&nbsp;<\/p>\n<p>&nbsp;<\/p>\n<p>&nbsp;<\/p>\n<p>&nbsp;<\/p>\n","protected":false},"excerpt":{"rendered":"<p>Pour traduire en actes ce bien de la charit\u00e9, mes fr\u00e8res, il est vrai que tous les temps sont bons ; et pourtant, les jours que nous vivons nous y exhortent particuli\u00e8rement. Ceux qui d\u00e9sirent accueillir la P\u00e2que du Seigneur avec la saintet\u00e9 de l\u2019esprit et du corps doivent s\u2019efforcer avant tout d\u2019acqu\u00e9rir cette gr\u00e2ce [&hellip;]<\/p>\n","protected":false},"author":2,"featured_media":0,"comment_status":"closed","ping_status":"closed","sticky":false,"template":"","format":"standard","meta":{"footnotes":""},"categories":[13,1261],"tags":[184,678,790,1053],"class_list":["post-23956","post","type-post","status-publish","format-standard","hentry","category-ecritures","category-enseignement-2","tag-careme","tag-misericorde","tag-penitence","tag-st-leon-le-grand"],"_links":{"self":[{"href":"https:\/\/www.associationdemarie.org\/blog\/wp-json\/wp\/v2\/posts\/23956","targetHints":{"allow":["GET"]}}],"collection":[{"href":"https:\/\/www.associationdemarie.org\/blog\/wp-json\/wp\/v2\/posts"}],"about":[{"href":"https:\/\/www.associationdemarie.org\/blog\/wp-json\/wp\/v2\/types\/post"}],"author":[{"embeddable":true,"href":"https:\/\/www.associationdemarie.org\/blog\/wp-json\/wp\/v2\/users\/2"}],"replies":[{"embeddable":true,"href":"https:\/\/www.associationdemarie.org\/blog\/wp-json\/wp\/v2\/comments?post=23956"}],"version-history":[{"count":1,"href":"https:\/\/www.associationdemarie.org\/blog\/wp-json\/wp\/v2\/posts\/23956\/revisions"}],"predecessor-version":[{"id":23958,"href":"https:\/\/www.associationdemarie.org\/blog\/wp-json\/wp\/v2\/posts\/23956\/revisions\/23958"}],"wp:attachment":[{"href":"https:\/\/www.associationdemarie.org\/blog\/wp-json\/wp\/v2\/media?parent=23956"}],"wp:term":[{"taxonomy":"category","embeddable":true,"href":"https:\/\/www.associationdemarie.org\/blog\/wp-json\/wp\/v2\/categories?post=23956"},{"taxonomy":"post_tag","embeddable":true,"href":"https:\/\/www.associationdemarie.org\/blog\/wp-json\/wp\/v2\/tags?post=23956"}],"curies":[{"name":"wp","href":"https:\/\/api.w.org\/{rel}","templated":true}]}}