{"id":23953,"date":"2024-02-16T01:54:22","date_gmt":"2024-02-16T00:54:22","guid":{"rendered":"http:\/\/www.associationdemarie.org\/blog\/?p=23953"},"modified":"2024-02-02T07:57:52","modified_gmt":"2024-02-02T06:57:52","slug":"lorigine-du-careme-accompagner-les-catechumenes-vers-le-bapteme-a-paques","status":"publish","type":"post","link":"https:\/\/www.associationdemarie.org\/blog\/lorigine-du-careme-accompagner-les-catechumenes-vers-le-bapteme-a-paques\/","title":{"rendered":"L&rsquo;origine du Car\u00eame : accompagner les cat\u00e9chum\u00e8nes vers le bapt\u00eame \u00e0 P\u00e2ques"},"content":{"rendered":"<p><img loading=\"lazy\" decoding=\"async\" class=\"aligncenter  wp-image-23954\" src=\"https:\/\/www.associationdemarie.org\/blog\/wp-content\/uploads\/2024\/02\/16-02-careme-pain-et-eau-1024x681.jpg\" alt=\"\" width=\"455\" height=\"302\" srcset=\"https:\/\/www.associationdemarie.org\/blog\/wp-content\/uploads\/2024\/02\/16-02-careme-pain-et-eau-1024x681.jpg 1024w, https:\/\/www.associationdemarie.org\/blog\/wp-content\/uploads\/2024\/02\/16-02-careme-pain-et-eau-300x200.jpg 300w, https:\/\/www.associationdemarie.org\/blog\/wp-content\/uploads\/2024\/02\/16-02-careme-pain-et-eau-768x511.jpg 768w\" sizes=\"auto, (max-width: 455px) 100vw, 455px\" \/><\/p>\n<p>Apr\u00e8s ce temps consacr\u00e9 \u00e0 l&rsquo;observance du je\u00fbne, l&rsquo;\u00e2me, purifi\u00e9e et \u00e9puis\u00e9e, parvient au bapt\u00eame. Elle reprend des forces en se plongeant dans les eaux de l&rsquo;Esprit ; tout ce qui avait \u00e9t\u00e9 br\u00fbl\u00e9 par les flammes des maladies rena\u00eet de la ros\u00e9e de la gr\u00e2ce du ciel. Abandonnant la nature p\u00e9rissable du vieil homme (Ep 4,22), le nouveau baptis\u00e9 re\u00e7oit une nouvelle jeunesse\u2026 Par une nouvelle naissance, il rena\u00eet autre, alors qu&rsquo;il est le m\u00eame que celui qui avait p\u00e9ch\u00e9.<\/p>\n<p>Par un je\u00fbne ininterrompu de quarante jours et de quarante nuits, \u00c9lie a m\u00e9rit\u00e9 de mettre fin, gr\u00e2ce \u00e0 l&rsquo;eau du ciel, \u00e0 une s\u00e9cheresse longue et p\u00e9nible de la terre enti\u00e8re (1R 19,8; 18,41) ; il a \u00e9tanch\u00e9 la soif br\u00fblante du sol, en lui apportant une pluie abondante. Ces faits se sont produits pour nous servir d&rsquo;exemple, pour que nous m\u00e9ritions, apr\u00e8s un je\u00fbne de quarante jours, la pluie b\u00e9nie du bapt\u00eame, afin que l&rsquo;eau du ciel arrose toute la terre, aride depuis longtemps chez nos fr\u00e8res du monde entier. Le bapt\u00eame comme une ros\u00e9e du salut mettra fin \u00e0 la longue st\u00e9rilit\u00e9 du monde pa\u00efen. En effet, c&rsquo;est de s\u00e9cheresse et d&rsquo;aridit\u00e9 spirituelle que souffre quiconque n&rsquo;a pas \u00e9t\u00e9 baign\u00e9 de la gr\u00e2ce du bapt\u00eame.<\/p>\n<p>Par un je\u00fbne du m\u00eame nombre de jours et de nuits, le saint Mo\u00efse a m\u00e9rit\u00e9 de parler \u00e0 Dieu, de demeurer, de s\u00e9journer avec lui, de recevoir de ses mains les pr\u00e9ceptes de la Loi (Ex 24,18)\u2026 Nous aussi, fr\u00e8res tr\u00e8s chers, je\u00fbnons avec ferveur pendant toute cette p\u00e9riode, pour que\u2026\u00e0 nous aussi les cieux s&rsquo;ouvrent et le s\u00e9jour des morts se ferme.<\/p>\n<h3 class=\"GospelCommentaryAuthor-name commentary-author font-2\">Saint Maxime de Turin (?-v. 420)<\/h3>\n<p>&nbsp;<\/p>\n<p>&nbsp;<\/p>\n<p>&nbsp;<\/p>\n","protected":false},"excerpt":{"rendered":"<p>Apr\u00e8s ce temps consacr\u00e9 \u00e0 l&rsquo;observance du je\u00fbne, l&rsquo;\u00e2me, purifi\u00e9e et \u00e9puis\u00e9e, parvient au bapt\u00eame. Elle reprend des forces en se plongeant dans les eaux de l&rsquo;Esprit ; tout ce qui avait \u00e9t\u00e9 br\u00fbl\u00e9 par les flammes des maladies rena\u00eet de la ros\u00e9e de la gr\u00e2ce du ciel. Abandonnant la nature p\u00e9rissable du vieil homme [&hellip;]<\/p>\n","protected":false},"author":2,"featured_media":0,"comment_status":"closed","ping_status":"closed","sticky":false,"template":"","format":"standard","meta":{"footnotes":""},"categories":[3,1261],"tags":[131,184,540,790,1513],"class_list":["post-23953","post","type-post","status-publish","format-standard","hentry","category-liturgique","category-enseignement-2","tag-bapteme","tag-careme","tag-jeune","tag-penitence","tag-st-maxime-de-turin"],"_links":{"self":[{"href":"https:\/\/www.associationdemarie.org\/blog\/wp-json\/wp\/v2\/posts\/23953","targetHints":{"allow":["GET"]}}],"collection":[{"href":"https:\/\/www.associationdemarie.org\/blog\/wp-json\/wp\/v2\/posts"}],"about":[{"href":"https:\/\/www.associationdemarie.org\/blog\/wp-json\/wp\/v2\/types\/post"}],"author":[{"embeddable":true,"href":"https:\/\/www.associationdemarie.org\/blog\/wp-json\/wp\/v2\/users\/2"}],"replies":[{"embeddable":true,"href":"https:\/\/www.associationdemarie.org\/blog\/wp-json\/wp\/v2\/comments?post=23953"}],"version-history":[{"count":1,"href":"https:\/\/www.associationdemarie.org\/blog\/wp-json\/wp\/v2\/posts\/23953\/revisions"}],"predecessor-version":[{"id":23955,"href":"https:\/\/www.associationdemarie.org\/blog\/wp-json\/wp\/v2\/posts\/23953\/revisions\/23955"}],"wp:attachment":[{"href":"https:\/\/www.associationdemarie.org\/blog\/wp-json\/wp\/v2\/media?parent=23953"}],"wp:term":[{"taxonomy":"category","embeddable":true,"href":"https:\/\/www.associationdemarie.org\/blog\/wp-json\/wp\/v2\/categories?post=23953"},{"taxonomy":"post_tag","embeddable":true,"href":"https:\/\/www.associationdemarie.org\/blog\/wp-json\/wp\/v2\/tags?post=23953"}],"curies":[{"name":"wp","href":"https:\/\/api.w.org\/{rel}","templated":true}]}}