{"id":23905,"date":"2024-02-03T01:20:22","date_gmt":"2024-02-03T00:20:22","guid":{"rendered":"http:\/\/www.associationdemarie.org\/blog\/?p=23905"},"modified":"2024-01-20T09:22:26","modified_gmt":"2024-01-20T08:22:26","slug":"en-debarquant-jesus-vit-une-grande-foule-il-fut-saisi-de-pitie-envers-eux","status":"publish","type":"post","link":"https:\/\/www.associationdemarie.org\/blog\/en-debarquant-jesus-vit-une-grande-foule-il-fut-saisi-de-pitie-envers-eux\/","title":{"rendered":"\u00ab En d\u00e9barquant, J\u00e9sus vit une grande foule. Il fut saisi de piti\u00e9 envers eux. \u00bb"},"content":{"rendered":"<p><img loading=\"lazy\" decoding=\"async\" class=\"aligncenter  wp-image-23906\" src=\"https:\/\/www.associationdemarie.org\/blog\/wp-content\/uploads\/2024\/01\/3-02-Jesus_VerreDeau-1024x450.jpg\" alt=\"\" width=\"464\" height=\"204\" srcset=\"https:\/\/www.associationdemarie.org\/blog\/wp-content\/uploads\/2024\/01\/3-02-Jesus_VerreDeau-1024x450.jpg 1024w, https:\/\/www.associationdemarie.org\/blog\/wp-content\/uploads\/2024\/01\/3-02-Jesus_VerreDeau-300x132.jpg 300w, https:\/\/www.associationdemarie.org\/blog\/wp-content\/uploads\/2024\/01\/3-02-Jesus_VerreDeau-768x338.jpg 768w, https:\/\/www.associationdemarie.org\/blog\/wp-content\/uploads\/2024\/01\/3-02-Jesus_VerreDeau.jpg 1920w\" sizes=\"auto, (max-width: 464px) 100vw, 464px\" \/><\/p>\n<p>\u00ab Heureux les mis\u00e9ricordieux : ils obtiendront mis\u00e9ricorde \u00bb (Mt 5,7). Le mot de mis\u00e9ricorde est doux, mes fr\u00e8res. Si le mot est doux, combien plus la chose ? (&#8230;) Puisque nous voulons tous la mis\u00e9ricorde, prenons-la comme protectrice en ce monde afin qu&rsquo;elle nous lib\u00e8re dans le monde \u00e0 venir. En effet il y a une mis\u00e9ricorde dans le ciel, \u00e0 laquelle on parvient par des actes de mis\u00e9ricorde sur la terre. L&rsquo;\u00c9criture dit bien : \u00ab Seigneur, ta mis\u00e9ricorde est dans le ciel \u00bb (Ps 35,6 Vulg).<\/p>\n<p>Il y a donc une mis\u00e9ricorde sur la terre et une autre dans le ciel, c&rsquo;est-\u00e0-dire l&rsquo;une humaine et l&rsquo;autre divine. Quelle est la mis\u00e9ricorde humaine ? C&rsquo;est que tu te penches sur la mis\u00e8re des pauvres. Et quelle est la mis\u00e9ricorde divine ? Sans aucun doute c&rsquo;est celle qui accorde le pardon des p\u00e9ch\u00e9s. Tout ce que la mis\u00e9ricorde humaine donne sur le chemin de cette vie, la mis\u00e9ricorde divine le rend dans la patrie. Car c&rsquo;est Dieu qui, en ce monde, souffre du froid et de la faim en tous les pauvres, comme il l&rsquo;a dit lui-m\u00eame : \u00ab Chaque fois que vous l&rsquo;avez fait \u00e0 l&rsquo;un de ces petits, c&rsquo;est \u00e0 moi que vous l&rsquo;avez fait \u00bb (Mt 25,40). Dieu qui, du haut du ciel, veut donner, sur la terre, veut recevoir.<\/p>\n<h3 class=\"GospelCommentaryAuthor-name commentary-author font-2\">Saint C\u00e9saire d&rsquo;Arles (470-543)<\/h3>\n<p>&nbsp;<\/p>\n<p>&nbsp;<\/p>\n<p>&nbsp;<\/p>\n","protected":false},"excerpt":{"rendered":"<p>\u00ab Heureux les mis\u00e9ricordieux : ils obtiendront mis\u00e9ricorde \u00bb (Mt 5,7). Le mot de mis\u00e9ricorde est doux, mes fr\u00e8res. Si le mot est doux, combien plus la chose ? (&#8230;) Puisque nous voulons tous la mis\u00e9ricorde, prenons-la comme protectrice en ce monde afin qu&rsquo;elle nous lib\u00e8re dans le monde \u00e0 venir. En effet il y [&hellip;]<\/p>\n","protected":false},"author":2,"featured_media":0,"comment_status":"closed","ping_status":"closed","sticky":false,"template":"","format":"standard","meta":{"footnotes":""},"categories":[13,1261],"tags":[248,678,1229],"class_list":["post-23905","post","type-post","status-publish","format-standard","hentry","category-ecritures","category-enseignement-2","tag-compassion","tag-misericorde","tag-st-cesaire-darles"],"_links":{"self":[{"href":"https:\/\/www.associationdemarie.org\/blog\/wp-json\/wp\/v2\/posts\/23905","targetHints":{"allow":["GET"]}}],"collection":[{"href":"https:\/\/www.associationdemarie.org\/blog\/wp-json\/wp\/v2\/posts"}],"about":[{"href":"https:\/\/www.associationdemarie.org\/blog\/wp-json\/wp\/v2\/types\/post"}],"author":[{"embeddable":true,"href":"https:\/\/www.associationdemarie.org\/blog\/wp-json\/wp\/v2\/users\/2"}],"replies":[{"embeddable":true,"href":"https:\/\/www.associationdemarie.org\/blog\/wp-json\/wp\/v2\/comments?post=23905"}],"version-history":[{"count":2,"href":"https:\/\/www.associationdemarie.org\/blog\/wp-json\/wp\/v2\/posts\/23905\/revisions"}],"predecessor-version":[{"id":23908,"href":"https:\/\/www.associationdemarie.org\/blog\/wp-json\/wp\/v2\/posts\/23905\/revisions\/23908"}],"wp:attachment":[{"href":"https:\/\/www.associationdemarie.org\/blog\/wp-json\/wp\/v2\/media?parent=23905"}],"wp:term":[{"taxonomy":"category","embeddable":true,"href":"https:\/\/www.associationdemarie.org\/blog\/wp-json\/wp\/v2\/categories?post=23905"},{"taxonomy":"post_tag","embeddable":true,"href":"https:\/\/www.associationdemarie.org\/blog\/wp-json\/wp\/v2\/tags?post=23905"}],"curies":[{"name":"wp","href":"https:\/\/api.w.org\/{rel}","templated":true}]}}