{"id":23895,"date":"2024-02-01T01:03:39","date_gmt":"2024-02-01T00:03:39","guid":{"rendered":"http:\/\/www.associationdemarie.org\/blog\/?p=23895"},"modified":"2024-01-17T18:08:41","modified_gmt":"2024-01-17T17:08:41","slug":"pour-la-premiere-fois-il-les-envoie-deux-par-deux-2","status":"publish","type":"post","link":"https:\/\/www.associationdemarie.org\/blog\/pour-la-premiere-fois-il-les-envoie-deux-par-deux-2\/","title":{"rendered":"\u00ab Pour la premi\u00e8re fois, il les envoie deux par deux. \u00bb"},"content":{"rendered":"<p><img loading=\"lazy\" decoding=\"async\" class=\"aligncenter size-full wp-image-23896\" src=\"https:\/\/www.associationdemarie.org\/blog\/wp-content\/uploads\/2024\/01\/unnamed.jpg\" alt=\"\" width=\"344\" height=\"512\" srcset=\"https:\/\/www.associationdemarie.org\/blog\/wp-content\/uploads\/2024\/01\/unnamed.jpg 344w, https:\/\/www.associationdemarie.org\/blog\/wp-content\/uploads\/2024\/01\/unnamed-202x300.jpg 202w\" sizes=\"auto, (max-width: 344px) 100vw, 344px\" \/><\/p>\n<p>Une nouvelle recrue de qualit\u00e9 est entr\u00e9 dans l&rsquo;Ordre, et leur nombre a \u00e9t\u00e9 port\u00e9 ainsi \u00e0 huit. Alors le bienheureux Fran\u00e7ois les a r\u00e9unis tous et leur a parl\u00e9 longuement du Royaume de Dieu, du m\u00e9pris du monde, du renoncement \u00e0 la volont\u00e9 propre et de la docilit\u00e9 \u00e0 exiger du corps. Puis il les a divis\u00e9s en quatre groupes de deux et leur a dit : \u00ab Allez, mes bien-aim\u00e9s, parcourez deux \u00e0 deux les diverses r\u00e9gions du monde, annoncez la paix aux hommes et pr\u00eachez-leur la p\u00e9nitence qui obtient le pardon des p\u00e9ch\u00e9s. Soyez patients dans l&rsquo;\u00e9preuve, s\u00fbrs que Dieu accomplira ce qu&rsquo;il a d\u00e9cid\u00e9 et qu&rsquo;il tiendra ses promesses. R\u00e9pondez humblement \u00e0 ceux qui vous interrogent, b\u00e9nissez ceux qui vous pers\u00e9cutent, remerciez ceux qui vous insultent et vous calomnient : \u00e0 ce prix, le Royaume des cieux est \u00e0 vous ! \u00bb (Mt 5,10-11)<\/p>\n<p>Ils ont re\u00e7u avec joie la mission que leur confiait la sainte ob\u00e9issance et se sont prostern\u00e9s aux pieds de saint Fran\u00e7ois qui a embrass\u00e9 chacun tendrement en lui disant avec foi : \u00ab Abandonne au Seigneur tout souci, et il prendra soin de toi ! \u00bb (1P 5,7) C&rsquo;\u00e9tait sa phrase habituelle quand il envoyait un fr\u00e8re en mission.<\/p>\n<h3 class=\"GospelCommentaryAuthor-name commentary-author font-2\">Thomas de Celano (v. 1190-v. 1260)<\/h3>\n<p>&nbsp;<\/p>\n<p>&nbsp;<\/p>\n<p>&nbsp;<\/p>\n","protected":false},"excerpt":{"rendered":"<p>Une nouvelle recrue de qualit\u00e9 est entr\u00e9 dans l&rsquo;Ordre, et leur nombre a \u00e9t\u00e9 port\u00e9 ainsi \u00e0 huit. Alors le bienheureux Fran\u00e7ois les a r\u00e9unis tous et leur a parl\u00e9 longuement du Royaume de Dieu, du m\u00e9pris du monde, du renoncement \u00e0 la volont\u00e9 propre et de la docilit\u00e9 \u00e0 exiger du corps. Puis il [&hellip;]<\/p>\n","protected":false},"author":2,"featured_media":0,"comment_status":"closed","ping_status":"closed","sticky":false,"template":"","format":"standard","meta":{"footnotes":""},"categories":[28],"tags":[84,387,535,1030,1390],"class_list":["post-23895","post","type-post","status-publish","format-standard","hentry","category-saints-et-saintes","tag-apotres","tag-evangelisation","tag-jesus","tag-st-francois-dassise","tag-thomas-de-celano"],"_links":{"self":[{"href":"https:\/\/www.associationdemarie.org\/blog\/wp-json\/wp\/v2\/posts\/23895","targetHints":{"allow":["GET"]}}],"collection":[{"href":"https:\/\/www.associationdemarie.org\/blog\/wp-json\/wp\/v2\/posts"}],"about":[{"href":"https:\/\/www.associationdemarie.org\/blog\/wp-json\/wp\/v2\/types\/post"}],"author":[{"embeddable":true,"href":"https:\/\/www.associationdemarie.org\/blog\/wp-json\/wp\/v2\/users\/2"}],"replies":[{"embeddable":true,"href":"https:\/\/www.associationdemarie.org\/blog\/wp-json\/wp\/v2\/comments?post=23895"}],"version-history":[{"count":1,"href":"https:\/\/www.associationdemarie.org\/blog\/wp-json\/wp\/v2\/posts\/23895\/revisions"}],"predecessor-version":[{"id":23897,"href":"https:\/\/www.associationdemarie.org\/blog\/wp-json\/wp\/v2\/posts\/23895\/revisions\/23897"}],"wp:attachment":[{"href":"https:\/\/www.associationdemarie.org\/blog\/wp-json\/wp\/v2\/media?parent=23895"}],"wp:term":[{"taxonomy":"category","embeddable":true,"href":"https:\/\/www.associationdemarie.org\/blog\/wp-json\/wp\/v2\/categories?post=23895"},{"taxonomy":"post_tag","embeddable":true,"href":"https:\/\/www.associationdemarie.org\/blog\/wp-json\/wp\/v2\/tags?post=23895"}],"curies":[{"name":"wp","href":"https:\/\/api.w.org\/{rel}","templated":true}]}}