{"id":2386,"date":"2011-02-26T01:00:09","date_gmt":"2011-02-26T01:00:09","guid":{"rendered":"http:\/\/preprod.meltem-int.com\/marie\/blog\/?p=2386"},"modified":"2011-02-26T01:00:09","modified_gmt":"2011-02-26T01:00:09","slug":"priere-8","status":"publish","type":"post","link":"https:\/\/www.associationdemarie.org\/blog\/priere-8\/","title":{"rendered":"Pri\u00e8re"},"content":{"rendered":"<p><a href=\"https:\/\/www.associationdemarie.org\/blog\/wp-content\/uploads\/2011\/02\/jesus.jpg\"><img loading=\"lazy\" decoding=\"async\" class=\"alignright size-medium wp-image-2485\" title=\"jesus\" src=\"https:\/\/www.associationdemarie.org\/blog\/wp-content\/uploads\/2011\/02\/jesus-238x300.jpg\" alt=\"\" width=\"190\" height=\"240\" srcset=\"https:\/\/www.associationdemarie.org\/blog\/wp-content\/uploads\/2011\/02\/jesus-238x300.jpg 238w, https:\/\/www.associationdemarie.org\/blog\/wp-content\/uploads\/2011\/02\/jesus.jpg 381w\" sizes=\"auto, (max-width: 190px) 100vw, 190px\" \/><\/a>Mes enfants, je vous aime et ma tristesse est pr\u00e9sente dans la non-acceptation de notre parole, de notre \u00e9coute de notre enseignement. La pri\u00e8re est l\u00e0 pour soulever les peuples, pour soutenir l\u2019Eglise, pour soutenir ses fils, pour accompagner l&rsquo;\u00e2me dans sa future demeure c\u00e9leste. Il n&rsquo;est pas \u00e0 la pri\u00e8re d&rsquo;achat ou de corruption, de situation ou de place. Tout est \u0153uvre de Dieu et, dans l&rsquo;\u0153uvre de Dieu, seuls l&rsquo;Amour et la Paix seront signes de compr\u00e9hension de l&rsquo;enseignement Divin. Allez au devant de vos fr\u00e8res, le c\u0153ur ouvert et la pri\u00e8re en m\u00e9moire ; r\u00e9citez, priez, comprenez, acceptez, diffusez l&rsquo;Amour et la Paix au travers de cette Pri\u00e8re.<\/p>\n<p>Marie M\u00e8re des hommes &#8211; septembre 1995<\/p>\n<p><span style=\"color: #ffffff;\">.<\/span><\/p>\n","protected":false},"excerpt":{"rendered":"<p>Mes enfants, je vous aime et ma tristesse est pr\u00e9sente dans la non-acceptation de notre parole, de notre \u00e9coute de notre enseignement. La pri\u00e8re est l\u00e0 pour soulever les peuples, pour soutenir l\u2019Eglise, pour soutenir ses fils, pour accompagner l&rsquo;\u00e2me dans sa future demeure c\u00e9leste. Il n&rsquo;est pas \u00e0 la pri\u00e8re d&rsquo;achat ou de corruption, [&hellip;]<\/p>\n","protected":false},"author":2,"featured_media":0,"comment_status":"closed","ping_status":"closed","sticky":false,"template":"","format":"standard","meta":{"footnotes":""},"categories":[19,26,27],"tags":[57,295,336,357,640,668,830],"class_list":["post-2386","post","type-post","status-publish","format-standard","hentry","category-messages","category-priere-des-ames","category-prieres","tag-ame","tag-dieu","tag-eglise","tag-enseignement","tag-marie-mere-des-hommes","tag-message","tag-priere"],"_links":{"self":[{"href":"https:\/\/www.associationdemarie.org\/blog\/wp-json\/wp\/v2\/posts\/2386","targetHints":{"allow":["GET"]}}],"collection":[{"href":"https:\/\/www.associationdemarie.org\/blog\/wp-json\/wp\/v2\/posts"}],"about":[{"href":"https:\/\/www.associationdemarie.org\/blog\/wp-json\/wp\/v2\/types\/post"}],"author":[{"embeddable":true,"href":"https:\/\/www.associationdemarie.org\/blog\/wp-json\/wp\/v2\/users\/2"}],"replies":[{"embeddable":true,"href":"https:\/\/www.associationdemarie.org\/blog\/wp-json\/wp\/v2\/comments?post=2386"}],"version-history":[{"count":0,"href":"https:\/\/www.associationdemarie.org\/blog\/wp-json\/wp\/v2\/posts\/2386\/revisions"}],"wp:attachment":[{"href":"https:\/\/www.associationdemarie.org\/blog\/wp-json\/wp\/v2\/media?parent=2386"}],"wp:term":[{"taxonomy":"category","embeddable":true,"href":"https:\/\/www.associationdemarie.org\/blog\/wp-json\/wp\/v2\/categories?post=2386"},{"taxonomy":"post_tag","embeddable":true,"href":"https:\/\/www.associationdemarie.org\/blog\/wp-json\/wp\/v2\/tags?post=2386"}],"curies":[{"name":"wp","href":"https:\/\/api.w.org\/{rel}","templated":true}]}}