{"id":23837,"date":"2024-01-17T01:53:17","date_gmt":"2024-01-17T00:53:17","guid":{"rendered":"http:\/\/www.associationdemarie.org\/blog\/?p=23837"},"modified":"2024-01-03T09:54:51","modified_gmt":"2024-01-03T08:54:51","slug":"est-il-permis-le-jour-du-sabbat-de-faire-le-bien-de-sauver-une-vie-2","status":"publish","type":"post","link":"https:\/\/www.associationdemarie.org\/blog\/est-il-permis-le-jour-du-sabbat-de-faire-le-bien-de-sauver-une-vie-2\/","title":{"rendered":"\u00ab Est-il permis, le jour du sabbat, de faire le bien&#8230;? de sauver une vie ? \u00bb"},"content":{"rendered":"<p><img loading=\"lazy\" decoding=\"async\" class=\"aligncenter  wp-image-23838\" src=\"https:\/\/www.associationdemarie.org\/blog\/wp-content\/uploads\/2024\/01\/17-01.jpg\" alt=\"\" width=\"462\" height=\"397\" srcset=\"https:\/\/www.associationdemarie.org\/blog\/wp-content\/uploads\/2024\/01\/17-01.jpg 500w, https:\/\/www.associationdemarie.org\/blog\/wp-content\/uploads\/2024\/01\/17-01-300x258.jpg 300w\" sizes=\"auto, (max-width: 462px) 100vw, 462px\" \/><\/p>\n<p>Dieu est-t-il \u00e0 l&rsquo;\u0153uvre, travaille-t-il, le jour du sabbat ? Certes oui, car autrement le ciel dispara\u00eetrait, la lumi\u00e8re du soleil s&rsquo;\u00e9teindrait, la terre perdrait consistance, tous les fruits manqueraient de s\u00e8ve et la vie des hommes p\u00e9rirait si, \u00e0 cause du sabbat, la force constitutive de l&rsquo;univers cessait d&rsquo;agir. Mais en fait, il n&rsquo;y a aucune tr\u00eave ; aussi bien pendant le sabbat que durant les six autres jours, les \u00e9l\u00e9ments de l&rsquo;univers continuent \u00e0 remplir leur fonction. \u00c0 travers eux le P\u00e8re \u0153uvre donc en tous temps, mais il agit dans le Fils qui est n\u00e9 de lui et par qui tout cela est son \u0153uvre. (&#8230;) Par le Fils, l&rsquo;action du P\u00e8re se poursuit donc le jour du sabbat. Et par cons\u00e9quent il n&rsquo;y a pas de repos en Dieu, puisque aucun jour ne voit cesser l&rsquo;\u0153uvre de Dieu.<\/p>\n<p>Ainsi en est-il de l&rsquo;action de Dieu. Mais en quoi consiste son repos ? L&rsquo;\u0153uvre de Dieu, c&rsquo;est l&rsquo;\u0153uvre du Christ. Et le repos de Dieu, c&rsquo;est Dieu, le Christ, car tout ce qui appartient \u00e0 Dieu est v\u00e9ritablement dans le Christ \u00e0 tel point que le P\u00e8re peut s&rsquo;en reposer sur lui.<\/p>\n<h3 class=\"GospelCommentaryAuthor-name commentary-author font-2\">Saint Hilaire (v. 315-367)<\/h3>\n<p>&nbsp;<\/p>\n<p>&nbsp;<\/p>\n<p>&nbsp;<\/p>\n","protected":false},"excerpt":{"rendered":"<p>Dieu est-t-il \u00e0 l&rsquo;\u0153uvre, travaille-t-il, le jour du sabbat ? Certes oui, car autrement le ciel dispara\u00eetrait, la lumi\u00e8re du soleil s&rsquo;\u00e9teindrait, la terre perdrait consistance, tous les fruits manqueraient de s\u00e8ve et la vie des hommes p\u00e9rirait si, \u00e0 cause du sabbat, la force constitutive de l&rsquo;univers cessait d&rsquo;agir. Mais en fait, il n&rsquo;y [&hellip;]<\/p>\n","protected":false},"author":2,"featured_media":0,"comment_status":"closed","ping_status":"closed","sticky":false,"template":"","format":"standard","meta":{"footnotes":""},"categories":[13,1261],"tags":[911,1036],"class_list":["post-23837","post","type-post","status-publish","format-standard","hentry","category-ecritures","category-enseignement-2","tag-sabbat","tag-st-hilaire"],"_links":{"self":[{"href":"https:\/\/www.associationdemarie.org\/blog\/wp-json\/wp\/v2\/posts\/23837","targetHints":{"allow":["GET"]}}],"collection":[{"href":"https:\/\/www.associationdemarie.org\/blog\/wp-json\/wp\/v2\/posts"}],"about":[{"href":"https:\/\/www.associationdemarie.org\/blog\/wp-json\/wp\/v2\/types\/post"}],"author":[{"embeddable":true,"href":"https:\/\/www.associationdemarie.org\/blog\/wp-json\/wp\/v2\/users\/2"}],"replies":[{"embeddable":true,"href":"https:\/\/www.associationdemarie.org\/blog\/wp-json\/wp\/v2\/comments?post=23837"}],"version-history":[{"count":1,"href":"https:\/\/www.associationdemarie.org\/blog\/wp-json\/wp\/v2\/posts\/23837\/revisions"}],"predecessor-version":[{"id":23839,"href":"https:\/\/www.associationdemarie.org\/blog\/wp-json\/wp\/v2\/posts\/23837\/revisions\/23839"}],"wp:attachment":[{"href":"https:\/\/www.associationdemarie.org\/blog\/wp-json\/wp\/v2\/media?parent=23837"}],"wp:term":[{"taxonomy":"category","embeddable":true,"href":"https:\/\/www.associationdemarie.org\/blog\/wp-json\/wp\/v2\/categories?post=23837"},{"taxonomy":"post_tag","embeddable":true,"href":"https:\/\/www.associationdemarie.org\/blog\/wp-json\/wp\/v2\/tags?post=23837"}],"curies":[{"name":"wp","href":"https:\/\/api.w.org\/{rel}","templated":true}]}}