{"id":23826,"date":"2024-01-14T01:06:42","date_gmt":"2024-01-14T00:06:42","guid":{"rendered":"http:\/\/www.associationdemarie.org\/blog\/?p=23826"},"modified":"2023-12-31T08:09:09","modified_gmt":"2023-12-31T07:09:09","slug":"andre-amena-son-frere-a-jesus-2","status":"publish","type":"post","link":"https:\/\/www.associationdemarie.org\/blog\/andre-amena-son-frere-a-jesus-2\/","title":{"rendered":"\u00ab Andr\u00e9 amena son fr\u00e8re \u00e0 J\u00e9sus. \u00bb"},"content":{"rendered":"<p><img loading=\"lazy\" decoding=\"async\" class=\"aligncenter  wp-image-23827\" src=\"https:\/\/www.associationdemarie.org\/blog\/wp-content\/uploads\/2023\/12\/14-01-andre-jesus-pierre-1024x724.jpg\" alt=\"\" width=\"471\" height=\"333\" srcset=\"https:\/\/www.associationdemarie.org\/blog\/wp-content\/uploads\/2023\/12\/14-01-andre-jesus-pierre-1024x724.jpg 1024w, https:\/\/www.associationdemarie.org\/blog\/wp-content\/uploads\/2023\/12\/14-01-andre-jesus-pierre-300x212.jpg 300w, https:\/\/www.associationdemarie.org\/blog\/wp-content\/uploads\/2023\/12\/14-01-andre-jesus-pierre-768x543.jpg 768w, https:\/\/www.associationdemarie.org\/blog\/wp-content\/uploads\/2023\/12\/14-01-andre-jesus-pierre.jpg 2000w\" sizes=\"auto, (max-width: 471px) 100vw, 471px\" \/><\/p>\n<p>Andr\u00e9 avait entendu cette parole de Mo\u00efse : \u00ab Le Seigneur votre Dieu vous suscitera un proph\u00e8te comme moi ; c&rsquo;est lui que vous \u00e9couterez \u00bb (Dt 18,15). Maintenant il entend Jean Baptiste s&rsquo;\u00e9crier : \u00ab Voici l&rsquo;Agneau de Dieu \u00bb (Jn 1,29). D\u00e8s qu&rsquo;il voit celui-ci, il vient spontan\u00e9ment \u00e0 lui. Il a reconnu le proph\u00e8te annonc\u00e9 par la proph\u00e9tie, et il conduit par la main son fr\u00e8re vers celui qu&rsquo;il a trouv\u00e9. Il montre \u00e0 Pierre le tr\u00e9sor qu&rsquo;il ne connaissait pas : \u00ab Nous avons trouv\u00e9 le Messie, celui que nous avons d\u00e9sir\u00e9. Nous attendions sa venue, contemplons-le maintenant. Nous avons trouv\u00e9 celui que la grande voix des proph\u00e8tes nous enjoignait d&rsquo;attendre. Ce temps-ci a amen\u00e9 celui que la gr\u00e2ce avait annonc\u00e9, celui que l&rsquo;amour esp\u00e9rait voir \u00bb.<\/p>\n<p>Andr\u00e9 est all\u00e9 donc trouver son fr\u00e8re Simon et a partag\u00e9 avec lui le tr\u00e9sor de sa contemplation. Il a conduit Pierre au Seigneur. \u00c9tonnante merveille ! Andr\u00e9 n&rsquo;est pas encore disciple, et d\u00e9j\u00e0 il est devenu meneur d&rsquo;hommes. C&rsquo;est en enseignant qu&rsquo;il commence \u00e0 apprendre et qu&rsquo;il acquiert la dignit\u00e9 d&rsquo;ap\u00f4tre : \u00ab Nous avons trouv\u00e9 le Messie. Apr\u00e8s tant de nuits pass\u00e9es sans sommeil au bord du Jourdain, nous avons maintenant trouv\u00e9 l&rsquo;objet de nos d\u00e9sirs \u00bb.<\/p>\n<p>Pierre a \u00e9t\u00e9 prompt \u00e0 suivre cet appel. Il \u00e9tait le fr\u00e8re d&rsquo;Andr\u00e9 et il s&rsquo;est avanc\u00e9 plein de ferveur et l&rsquo;oreille tendue&#8230; Lorsque, plus tard, Pierre aura une conduite admirable, il la devra \u00e0 ce qu&rsquo;Andr\u00e9 avait sem\u00e9. Mais la louange adress\u00e9e \u00e0 l&rsquo;un rejaillit \u00e9galement sur l&rsquo;autre. Car les biens de l&rsquo;un appartiennent \u00e0 l&rsquo;autre, et l&rsquo;un se glorifie des biens de l&rsquo;autre.<\/p>\n<h3 class=\"GospelCommentaryAuthor-name commentary-author font-2\">Basile de S\u00e9leucie (?-v. 468)<\/h3>\n<p>&nbsp;<\/p>\n<p>&nbsp;<\/p>\n<p>&nbsp;<\/p>\n","protected":false},"excerpt":{"rendered":"<p>Andr\u00e9 avait entendu cette parole de Mo\u00efse : \u00ab Le Seigneur votre Dieu vous suscitera un proph\u00e8te comme moi ; c&rsquo;est lui que vous \u00e9couterez \u00bb (Dt 18,15). Maintenant il entend Jean Baptiste s&rsquo;\u00e9crier : \u00ab Voici l&rsquo;Agneau de Dieu \u00bb (Jn 1,29). D\u00e8s qu&rsquo;il voit celui-ci, il vient spontan\u00e9ment \u00e0 lui. Il a reconnu [&hellip;]<\/p>\n","protected":false},"author":2,"featured_media":0,"comment_status":"closed","ping_status":"closed","sticky":false,"template":"","format":"standard","meta":{"footnotes":""},"categories":[28],"tags":[84,1318,535,1009,1071],"class_list":["post-23826","post","type-post","status-publish","format-standard","hentry","category-saints-et-saintes","tag-apotres","tag-basile-de-seleucie","tag-jesus","tag-st-andre","tag-st-pierre"],"_links":{"self":[{"href":"https:\/\/www.associationdemarie.org\/blog\/wp-json\/wp\/v2\/posts\/23826","targetHints":{"allow":["GET"]}}],"collection":[{"href":"https:\/\/www.associationdemarie.org\/blog\/wp-json\/wp\/v2\/posts"}],"about":[{"href":"https:\/\/www.associationdemarie.org\/blog\/wp-json\/wp\/v2\/types\/post"}],"author":[{"embeddable":true,"href":"https:\/\/www.associationdemarie.org\/blog\/wp-json\/wp\/v2\/users\/2"}],"replies":[{"embeddable":true,"href":"https:\/\/www.associationdemarie.org\/blog\/wp-json\/wp\/v2\/comments?post=23826"}],"version-history":[{"count":2,"href":"https:\/\/www.associationdemarie.org\/blog\/wp-json\/wp\/v2\/posts\/23826\/revisions"}],"predecessor-version":[{"id":23829,"href":"https:\/\/www.associationdemarie.org\/blog\/wp-json\/wp\/v2\/posts\/23826\/revisions\/23829"}],"wp:attachment":[{"href":"https:\/\/www.associationdemarie.org\/blog\/wp-json\/wp\/v2\/media?parent=23826"}],"wp:term":[{"taxonomy":"category","embeddable":true,"href":"https:\/\/www.associationdemarie.org\/blog\/wp-json\/wp\/v2\/categories?post=23826"},{"taxonomy":"post_tag","embeddable":true,"href":"https:\/\/www.associationdemarie.org\/blog\/wp-json\/wp\/v2\/tags?post=23826"}],"curies":[{"name":"wp","href":"https:\/\/api.w.org\/{rel}","templated":true}]}}