{"id":23805,"date":"2024-01-07T01:52:05","date_gmt":"2024-01-07T00:52:05","guid":{"rendered":"http:\/\/www.associationdemarie.org\/blog\/?p=23805"},"modified":"2023-12-24T08:53:47","modified_gmt":"2023-12-24T07:53:47","slug":"epiphanie-du-seigneur-solennite-6","status":"publish","type":"post","link":"https:\/\/www.associationdemarie.org\/blog\/epiphanie-du-seigneur-solennite-6\/","title":{"rendered":"\u00c9piphanie du Seigneur, Solennit\u00e9"},"content":{"rendered":"<p><img loading=\"lazy\" decoding=\"async\" class=\"aligncenter size-full wp-image-23806\" src=\"https:\/\/www.associationdemarie.org\/blog\/wp-content\/uploads\/2023\/12\/image_preview-2.jpeg\" alt=\"\" width=\"400\" height=\"333\" srcset=\"https:\/\/www.associationdemarie.org\/blog\/wp-content\/uploads\/2023\/12\/image_preview-2.jpeg 400w, https:\/\/www.associationdemarie.org\/blog\/wp-content\/uploads\/2023\/12\/image_preview-2-300x250.jpeg 300w\" sizes=\"auto, (max-width: 400px) 100vw, 400px\" \/><\/p>\n<p>Adoration des rois : les puissants de ce monde baissent leur t\u00eate devant l&rsquo;humble berceau d&rsquo;un enfant. De l&rsquo;or, de l&rsquo;encens, de la myrrhe venus d&rsquo;Orient ; anxi\u00e9t\u00e9 dans les c\u0153urs, poussi\u00e8re des chemins parcourus la nuit, guid\u00e9s par une \u00e9toile. \u00ab O\u00f9 est-il, celui qui vient de na\u00eetre ? \u00bb\u2026 Vingt si\u00e8cles sont pass\u00e9s : beaucoup d&rsquo;\u00e2mes parcourent les chemins de la terre comme les mages d&rsquo;Orient et continuent \u00e0 demander en passant : \u00ab Avez-vous vu celui qu&rsquo;aime mon \u00e2me ? \u00bb (Ct 3,3) C&rsquo;est aussi une \u00e9toile de lumi\u00e8re qui, illuminant notre chemin, nous conduit \u00e0 l&rsquo;humilit\u00e9 d&rsquo;une cr\u00e8che, et nous montre ce qui nous a fait sortir \u00ab en dehors des murailles de la ville \u00bb (He 13,13; cf Lc 16,27). Elle nous montre un Dieu qui, tout en \u00e9tant Ma\u00eetre de tout, manque de tout. Le Cr\u00e9ateur de la lumi\u00e8re et de la chaleur du soleil souffre du froid ; celui qui vient au monde par amour pour les hommes est oubli\u00e9 des hommes.<\/p>\n<p>Maintenant aussi, comme alors, il y a des \u00e2mes qui cherchent Dieu&#8230; Par malheur, tous n&rsquo;arrivent pas \u00e0 le trouver, ils ne regardent pas tous l&rsquo;\u00e9toile qui est la foi ; ils n&rsquo;osent pas non plus s&rsquo;aventurer sur ces chemins qui conduisent \u00e0 lui, qui sont l&rsquo;humilit\u00e9, le renoncement, le sacrifice et presque toujours la croix\u2026<\/p>\n<p>Quand cette nuit, dans le ch\u0153ur, je me souvenais, sans le vouloir, de mes jours d&rsquo;enfance, de ma maison, des rois, mon habit monastique me disait autre chose : moi aussi, comme les mages, je suis venu \u00e0 la recherche d&rsquo;une cr\u00e8che. Je ne suis plus un enfant auquel il faut donner des jouets : les r\u00eaves sont maintenant plus grands et ils ne sont pas de cette vie. Les r\u00eaves du monde, comme les jouets des enfants, font le bonheur quand on les attend, mais ensuite tout n&rsquo;est que du carton. Les r\u00eaves de ciel \u2014 r\u00eave qui dure toute la vie et ne d\u00e9\u00e7oit pas apr\u00e8s. Comme ils ont d\u00fb s&rsquo;en retourner heureux, les mages, apr\u00e8s avoir vu Dieu ! Moi aussi je le verrai, il s&rsquo;agit seulement d&rsquo;attendre un peu. Le matin arrivera bient\u00f4t, et avec lui la lumi\u00e8re. Quel heureux r\u00e9veil ce sera !<\/p>\n<h3 class=\"GospelCommentaryAuthor-name commentary-author font-2\">Saint Rapha\u00ebl Arn\u00e1iz Bar\u00f3n (1911-1938)<\/h3>\n<p>&nbsp;<\/p>\n<p>&nbsp;<\/p>\n<p>&nbsp;<\/p>\n","protected":false},"excerpt":{"rendered":"<p>Adoration des rois : les puissants de ce monde baissent leur t\u00eate devant l&rsquo;humble berceau d&rsquo;un enfant. De l&rsquo;or, de l&rsquo;encens, de la myrrhe venus d&rsquo;Orient ; anxi\u00e9t\u00e9 dans les c\u0153urs, poussi\u00e8re des chemins parcourus la nuit, guid\u00e9s par une \u00e9toile. \u00ab O\u00f9 est-il, celui qui vient de na\u00eetre ? \u00bb\u2026 Vingt si\u00e8cles sont pass\u00e9s [&hellip;]<\/p>\n","protected":false},"author":2,"featured_media":0,"comment_status":"closed","ping_status":"closed","sticky":false,"template":"","format":"standard","meta":{"footnotes":""},"categories":[3],"tags":[366,1075],"class_list":["post-23805","post","type-post","status-publish","format-standard","hentry","category-liturgique","tag-epiphanie","tag-st-raphael-arnaiz-baron"],"_links":{"self":[{"href":"https:\/\/www.associationdemarie.org\/blog\/wp-json\/wp\/v2\/posts\/23805","targetHints":{"allow":["GET"]}}],"collection":[{"href":"https:\/\/www.associationdemarie.org\/blog\/wp-json\/wp\/v2\/posts"}],"about":[{"href":"https:\/\/www.associationdemarie.org\/blog\/wp-json\/wp\/v2\/types\/post"}],"author":[{"embeddable":true,"href":"https:\/\/www.associationdemarie.org\/blog\/wp-json\/wp\/v2\/users\/2"}],"replies":[{"embeddable":true,"href":"https:\/\/www.associationdemarie.org\/blog\/wp-json\/wp\/v2\/comments?post=23805"}],"version-history":[{"count":1,"href":"https:\/\/www.associationdemarie.org\/blog\/wp-json\/wp\/v2\/posts\/23805\/revisions"}],"predecessor-version":[{"id":23807,"href":"https:\/\/www.associationdemarie.org\/blog\/wp-json\/wp\/v2\/posts\/23805\/revisions\/23807"}],"wp:attachment":[{"href":"https:\/\/www.associationdemarie.org\/blog\/wp-json\/wp\/v2\/media?parent=23805"}],"wp:term":[{"taxonomy":"category","embeddable":true,"href":"https:\/\/www.associationdemarie.org\/blog\/wp-json\/wp\/v2\/categories?post=23805"},{"taxonomy":"post_tag","embeddable":true,"href":"https:\/\/www.associationdemarie.org\/blog\/wp-json\/wp\/v2\/tags?post=23805"}],"curies":[{"name":"wp","href":"https:\/\/api.w.org\/{rel}","templated":true}]}}