{"id":23795,"date":"2024-01-04T01:26:07","date_gmt":"2024-01-04T00:26:07","guid":{"rendered":"http:\/\/www.associationdemarie.org\/blog\/?p=23795"},"modified":"2023-12-21T08:28:14","modified_gmt":"2023-12-21T07:28:14","slug":"nous-avons-trouve-le-messie-2","status":"publish","type":"post","link":"https:\/\/www.associationdemarie.org\/blog\/nous-avons-trouve-le-messie-2\/","title":{"rendered":"\u00ab Nous avons trouv\u00e9 le Messie. \u00bb"},"content":{"rendered":"<p><img loading=\"lazy\" decoding=\"async\" class=\"aligncenter size-full wp-image-23796\" src=\"https:\/\/www.associationdemarie.org\/blog\/wp-content\/uploads\/2023\/12\/filipus-dan-natanael.jpg\" alt=\"\" width=\"332\" height=\"293\" srcset=\"https:\/\/www.associationdemarie.org\/blog\/wp-content\/uploads\/2023\/12\/filipus-dan-natanael.jpg 332w, https:\/\/www.associationdemarie.org\/blog\/wp-content\/uploads\/2023\/12\/filipus-dan-natanael-300x265.jpg 300w\" sizes=\"auto, (max-width: 332px) 100vw, 332px\" \/><\/p>\n<p>Andr\u00e9, apr\u00e8s avoir demeur\u00e9 aupr\u00e8s de J\u00e9sus et avoir beaucoup appris, n&rsquo;a pas gard\u00e9 ce tr\u00e9sor pour lui : il se h\u00e2te de courir aupr\u00e8s de son fr\u00e8re, pour le faire participer aux biens qu&rsquo;il a re\u00e7us. (&#8230;) Remarque combien, d\u00e8s le d\u00e9but, Pierre a un esprit docile et ob\u00e9issant (&#8230;), car il accourut sans tarder : \u00ab Andr\u00e9 le conduisit \u00e0 J\u00e9sus \u00bb, dit l&rsquo;\u00e9vang\u00e9liste. Mais que personne ne l&rsquo;accuse de l\u00e9g\u00e8ret\u00e9, comme s&rsquo;il avait accueilli aveugl\u00e9ment l&rsquo;invitation de son fr\u00e8re. Il est probable que celui-ci lui avait parl\u00e9 en d\u00e9tail et longuement. Mais les \u00e9vang\u00e9listes suppriment beaucoup de choses par souci de concision. D&rsquo;ailleurs, on ne dit pas que Pierre a cru aussit\u00f4t, mais que son fr\u00e8re \u00ab le conduisit \u00e0 J\u00e9sus \u00bb pour le lui confier, afin que Pierre soit enti\u00e8rement instruit par lui.<\/p>\n<p>Lorsque Jean Baptiste a dit : \u00ab Voici l&rsquo;Agneau \u00bb et \u00ab C&rsquo;est lui qui baptise dans l&rsquo;Esprit Saint \u00bb, il a confi\u00e9 au Christ le soin d&rsquo;enseigner lui-m\u00eame plus clairement cette doctrine. \u00c0 plus forte raison Andr\u00e9 a-t-il fait de m\u00eame, car il ne se jugeait pas capable de tout expliquer. Il a conduit son fr\u00e8re \u00e0 la source m\u00eame de la lumi\u00e8re, et avec tant de h\u00e2te et de joie qu&rsquo;il n&rsquo;a pas h\u00e9sit\u00e9 un instant de s&rsquo;y rendre.<\/p>\n<h3 class=\"GospelCommentaryAuthor-name commentary-author font-2\">Saint Jean Chrysostome (v. 345-407)<\/h3>\n<p>&nbsp;<\/p>\n<p>&nbsp;<\/p>\n<p>&nbsp;<\/p>\n","protected":false},"excerpt":{"rendered":"<p>Andr\u00e9, apr\u00e8s avoir demeur\u00e9 aupr\u00e8s de J\u00e9sus et avoir beaucoup appris, n&rsquo;a pas gard\u00e9 ce tr\u00e9sor pour lui : il se h\u00e2te de courir aupr\u00e8s de son fr\u00e8re, pour le faire participer aux biens qu&rsquo;il a re\u00e7us. (&#8230;) Remarque combien, d\u00e8s le d\u00e9but, Pierre a un esprit docile et ob\u00e9issant (&#8230;), car il accourut sans [&hellip;]<\/p>\n","protected":false},"author":2,"featured_media":0,"comment_status":"closed","ping_status":"closed","sticky":false,"template":"","format":"standard","meta":{"footnotes":""},"categories":[28],"tags":[86,672,1009,1042,1043,1071],"class_list":["post-23795","post","type-post","status-publish","format-standard","hentry","category-saints-et-saintes","tag-appel","tag-messie","tag-st-andre","tag-st-jean-baptiste","tag-st-jean-chrysostome","tag-st-pierre"],"_links":{"self":[{"href":"https:\/\/www.associationdemarie.org\/blog\/wp-json\/wp\/v2\/posts\/23795","targetHints":{"allow":["GET"]}}],"collection":[{"href":"https:\/\/www.associationdemarie.org\/blog\/wp-json\/wp\/v2\/posts"}],"about":[{"href":"https:\/\/www.associationdemarie.org\/blog\/wp-json\/wp\/v2\/types\/post"}],"author":[{"embeddable":true,"href":"https:\/\/www.associationdemarie.org\/blog\/wp-json\/wp\/v2\/users\/2"}],"replies":[{"embeddable":true,"href":"https:\/\/www.associationdemarie.org\/blog\/wp-json\/wp\/v2\/comments?post=23795"}],"version-history":[{"count":1,"href":"https:\/\/www.associationdemarie.org\/blog\/wp-json\/wp\/v2\/posts\/23795\/revisions"}],"predecessor-version":[{"id":23797,"href":"https:\/\/www.associationdemarie.org\/blog\/wp-json\/wp\/v2\/posts\/23795\/revisions\/23797"}],"wp:attachment":[{"href":"https:\/\/www.associationdemarie.org\/blog\/wp-json\/wp\/v2\/media?parent=23795"}],"wp:term":[{"taxonomy":"category","embeddable":true,"href":"https:\/\/www.associationdemarie.org\/blog\/wp-json\/wp\/v2\/categories?post=23795"},{"taxonomy":"post_tag","embeddable":true,"href":"https:\/\/www.associationdemarie.org\/blog\/wp-json\/wp\/v2\/tags?post=23795"}],"curies":[{"name":"wp","href":"https:\/\/api.w.org\/{rel}","templated":true}]}}