{"id":23785,"date":"2024-01-03T01:20:34","date_gmt":"2024-01-03T00:20:34","guid":{"rendered":"http:\/\/www.associationdemarie.org\/blog\/?p=23785"},"modified":"2023-12-20T09:22:24","modified_gmt":"2023-12-20T08:22:24","slug":"naitre-avec-le-christ","status":"publish","type":"post","link":"https:\/\/www.associationdemarie.org\/blog\/naitre-avec-le-christ\/","title":{"rendered":"Na\u00eetre avec le Christ"},"content":{"rendered":"<p><a href=\"https:\/\/www.associationdemarie.org\/blog\/wp-content\/uploads\/2023\/12\/timthumb.php_.jpeg\"><img loading=\"lazy\" decoding=\"async\" class=\"aligncenter  wp-image-23786\" src=\"https:\/\/www.associationdemarie.org\/blog\/wp-content\/uploads\/2023\/12\/timthumb.php_.jpeg\" alt=\"\" width=\"339\" height=\"339\" srcset=\"https:\/\/www.associationdemarie.org\/blog\/wp-content\/uploads\/2023\/12\/timthumb.php_.jpeg 600w, https:\/\/www.associationdemarie.org\/blog\/wp-content\/uploads\/2023\/12\/timthumb.php_-150x150.jpeg 150w, https:\/\/www.associationdemarie.org\/blog\/wp-content\/uploads\/2023\/12\/timthumb.php_-300x300.jpeg 300w\" sizes=\"auto, (max-width: 339px) 100vw, 339px\" \/><\/a><\/p>\n<p>Maintenant que le Verbe s\u2019est fait homme et qu\u2019il a fait siennes nos mis\u00e8res, celles-ci sont d\u00e9truites par lui. Les hommes ne sont pas morts sous leurs p\u00e9ch\u00e9s ; mais ressuscit\u00e9s selon la force du Verbe, ils demeurent \u00e0 jamais incorruptibles et immortels.<\/p>\n<p>Quand son humanit\u00e9 na\u00eet de Marie, m\u00e8re de Dieu, on dit que c\u2019est lui qui na\u00eet. En r\u00e9alit\u00e9, cependant, c\u2019est notre naissance qu\u2019il prend en lui, et nous, nous ne sommes plus simplement de la terre qui doit retourner \u00e0 la terre ; mais nous sommes r\u00e9unis au Verbe du ciel qui veut nous mener au ciel. De m\u00eame, n\u2019est-ce pas sans raison qu\u2019il a pris en lui les autres faiblesses du corps : c\u2019est pour que nous ne soyons plus seulement des hommes, mais pour que, appartenant d\u00e9sormais au Verbe, nous participions \u00e0 la vie \u00e9ternelle.<\/p>\n<p>C\u2019en est donc fait de la mort que nous vaut notre premi\u00e8re naissance en Adam : cette naissance et toutes les autres mis\u00e8res de la chair, ont \u00e9t\u00e9 transport\u00e9es dans le Verbe, nous, relev\u00e9s de la terre, nous voyons la mal\u00e9diction du p\u00e9ch\u00e9 enlev\u00e9e par celui qui, en nous et pour nous, est devenu mal\u00e9diction. Et c\u2019est juste. De m\u00eame que, faits de terre, nous mourons en Adam ; de m\u00eame, r\u00e9g\u00e9n\u00e9r\u00e9s par l\u2019eau et l\u2019esprit, nous sommes tous vivifi\u00e9s dans le Christ. Dor\u00e9navant, la chair n\u2019est plus chose terrestre, elle est faite Verbe, \u00e0 cause du Verbe de Dieu qui, pour nous, est devenu chair.<\/p>\n<p>Les hommes voient leurs faiblesses transf\u00e9r\u00e9es et d\u00e9truites en celui qui n\u2019y est pas sujet ; ils deviennent donc forts et libres pour toujours. De m\u00eame, en effet, que le Verbe, ayant pris un corps, est devenu homme, ainsi nous, les hommes, pris par la chair du Verbe, nous sommes divinis\u00e9s par lui et faits h\u00e9ritiers de la vie \u00e9ternelle.<\/p>\n<h3 class=\"GospelCommentaryAuthor-name commentary-author font-2\">Saint Athanase (295-373)<\/h3>\n<p>&nbsp;<\/p>\n<p>&nbsp;<\/p>\n<p>&nbsp;<\/p>\n","protected":false},"excerpt":{"rendered":"<p>Maintenant que le Verbe s\u2019est fait homme et qu\u2019il a fait siennes nos mis\u00e8res, celles-ci sont d\u00e9truites par lui. Les hommes ne sont pas morts sous leurs p\u00e9ch\u00e9s ; mais ressuscit\u00e9s selon la force du Verbe, ils demeurent \u00e0 jamais incorruptibles et immortels. Quand son humanit\u00e9 na\u00eet de Marie, m\u00e8re de Dieu, on dit que [&hellip;]<\/p>\n","protected":false},"author":2,"featured_media":0,"comment_status":"closed","ping_status":"closed","sticky":false,"template":"","format":"standard","meta":{"footnotes":""},"categories":[13,1261],"tags":[220,707,1011],"class_list":["post-23785","post","type-post","status-publish","format-standard","hentry","category-ecritures","category-enseignement-2","tag-christ","tag-nativite","tag-st-athanase"],"_links":{"self":[{"href":"https:\/\/www.associationdemarie.org\/blog\/wp-json\/wp\/v2\/posts\/23785","targetHints":{"allow":["GET"]}}],"collection":[{"href":"https:\/\/www.associationdemarie.org\/blog\/wp-json\/wp\/v2\/posts"}],"about":[{"href":"https:\/\/www.associationdemarie.org\/blog\/wp-json\/wp\/v2\/types\/post"}],"author":[{"embeddable":true,"href":"https:\/\/www.associationdemarie.org\/blog\/wp-json\/wp\/v2\/users\/2"}],"replies":[{"embeddable":true,"href":"https:\/\/www.associationdemarie.org\/blog\/wp-json\/wp\/v2\/comments?post=23785"}],"version-history":[{"count":2,"href":"https:\/\/www.associationdemarie.org\/blog\/wp-json\/wp\/v2\/posts\/23785\/revisions"}],"predecessor-version":[{"id":23788,"href":"https:\/\/www.associationdemarie.org\/blog\/wp-json\/wp\/v2\/posts\/23785\/revisions\/23788"}],"wp:attachment":[{"href":"https:\/\/www.associationdemarie.org\/blog\/wp-json\/wp\/v2\/media?parent=23785"}],"wp:term":[{"taxonomy":"category","embeddable":true,"href":"https:\/\/www.associationdemarie.org\/blog\/wp-json\/wp\/v2\/categories?post=23785"},{"taxonomy":"post_tag","embeddable":true,"href":"https:\/\/www.associationdemarie.org\/blog\/wp-json\/wp\/v2\/tags?post=23785"}],"curies":[{"name":"wp","href":"https:\/\/api.w.org\/{rel}","templated":true}]}}