{"id":23776,"date":"2023-12-31T01:29:07","date_gmt":"2023-12-31T00:29:07","guid":{"rendered":"http:\/\/www.associationdemarie.org\/blog\/?p=23776"},"modified":"2023-12-17T10:30:54","modified_gmt":"2023-12-17T09:30:54","slug":"fete-de-la-sainte-famille-de-jesus-marie-et-joseph-12","status":"publish","type":"post","link":"https:\/\/www.associationdemarie.org\/blog\/fete-de-la-sainte-famille-de-jesus-marie-et-joseph-12\/","title":{"rendered":"F\u00eate de la Sainte Famille de J\u00e9sus, Marie et Joseph"},"content":{"rendered":"<p><a href=\"https:\/\/www.associationdemarie.org\/blog\/wp-content\/uploads\/2023\/12\/image_preview-1.jpeg\"><img loading=\"lazy\" decoding=\"async\" class=\"aligncenter size-full wp-image-23777\" src=\"https:\/\/www.associationdemarie.org\/blog\/wp-content\/uploads\/2023\/12\/image_preview-1.jpeg\" alt=\"\" width=\"400\" height=\"400\" srcset=\"https:\/\/www.associationdemarie.org\/blog\/wp-content\/uploads\/2023\/12\/image_preview-1.jpeg 400w, https:\/\/www.associationdemarie.org\/blog\/wp-content\/uploads\/2023\/12\/image_preview-1-150x150.jpeg 150w, https:\/\/www.associationdemarie.org\/blog\/wp-content\/uploads\/2023\/12\/image_preview-1-300x300.jpeg 300w\" sizes=\"auto, (max-width: 400px) 100vw, 400px\" \/><\/a><\/p>\n<p>Que puis-je dire de ce myst\u00e8re ? Je vois un ouvrier, une mangeoire, un enfant, des langes, l&rsquo;enfantement d&rsquo;une vierge priv\u00e9e de tout le n\u00e9cessaire, toutes les marques de l&rsquo;indigence, tout le fardeau de la pauvret\u00e9. Avez-vous jamais vu la richesse dans une telle p\u00e9nurie ? Comment celui qui \u00e9tait riche s&rsquo;est-il fait pauvre pour nous (2Co 8,9) au point que, priv\u00e9 de berceau et de couvertures, il est couch\u00e9 dans une dure mangeoire ? (&#8230;) \u00d4 richesse immense, sous les apparences de la pauvret\u00e9 ! Il dort dans une mangeoire et il \u00e9branle l&rsquo;univers. Lui qui est serr\u00e9 dans ses langes, il brise les cha\u00eenes du p\u00e9ch\u00e9. Alors qu&rsquo;il ne peut pas prononcer un mot, il a instruit les mages pour qu&rsquo;ils rentrent par un autre chemin. Le myst\u00e8re d\u00e9passe la parole !<\/p>\n<p>Voici le b\u00e9b\u00e9 envelopp\u00e9 de langes, couch\u00e9 dans une mangeoire ; il y a l\u00e0 aussi Marie, \u00e0 la fois vierge et m\u00e8re ; il y a encore Joseph qu&rsquo;on appelle son p\u00e8re. Celui-ci a \u00e9pous\u00e9 Marie, mais le Saint-Esprit a couvert Marie de son ombre. C&rsquo;est pourquoi Joseph \u00e9tait angoiss\u00e9, ne sachant comment appeler l&rsquo;enfant. (&#8230;) Dans cette anxi\u00e9t\u00e9, un message lui a \u00e9t\u00e9 apport\u00e9 par un ange : \u00ab Ne crains pas, Joseph, l&rsquo;enfant qui est engendr\u00e9 en elle vient de l&rsquo;Esprit Saint \u00bb (Mt 1,20). (&#8230;) Pourquoi le Sauveur est-il n\u00e9 d&rsquo;une vierge ? Jadis \u00c8ve, qui \u00e9tait vierge, s&rsquo;est laiss\u00e9 s\u00e9duire et a enfant\u00e9 la cause de notre mort ; Marie, ayant re\u00e7u de l&rsquo;ange la Bonne Nouvelle, a enfant\u00e9 le Verbe fait chair qui nous apporte la vie \u00e9ternelle.<\/p>\n<h3 class=\"GospelCommentaryAuthor-name commentary-author font-2\">Saint Jean Chrysostome (v. 345-407)<\/h3>\n<p>&nbsp;<\/p>\n<p>&nbsp;<\/p>\n<p>&nbsp;<\/p>\n","protected":false},"excerpt":{"rendered":"<p>Que puis-je dire de ce myst\u00e8re ? Je vois un ouvrier, une mangeoire, un enfant, des langes, l&rsquo;enfantement d&rsquo;une vierge priv\u00e9e de tout le n\u00e9cessaire, toutes les marques de l&rsquo;indigence, tout le fardeau de la pauvret\u00e9. Avez-vous jamais vu la richesse dans une telle p\u00e9nurie ? Comment celui qui \u00e9tait riche s&rsquo;est-il fait pauvre pour [&hellip;]<\/p>\n","protected":false},"author":2,"featured_media":0,"comment_status":"closed","ping_status":"closed","sticky":false,"template":"","format":"standard","meta":{"footnotes":""},"categories":[28],"tags":[1043,1093],"class_list":["post-23776","post","type-post","status-publish","format-standard","hentry","category-saints-et-saintes","tag-st-jean-chrysostome","tag-ste-famille"],"_links":{"self":[{"href":"https:\/\/www.associationdemarie.org\/blog\/wp-json\/wp\/v2\/posts\/23776","targetHints":{"allow":["GET"]}}],"collection":[{"href":"https:\/\/www.associationdemarie.org\/blog\/wp-json\/wp\/v2\/posts"}],"about":[{"href":"https:\/\/www.associationdemarie.org\/blog\/wp-json\/wp\/v2\/types\/post"}],"author":[{"embeddable":true,"href":"https:\/\/www.associationdemarie.org\/blog\/wp-json\/wp\/v2\/users\/2"}],"replies":[{"embeddable":true,"href":"https:\/\/www.associationdemarie.org\/blog\/wp-json\/wp\/v2\/comments?post=23776"}],"version-history":[{"count":1,"href":"https:\/\/www.associationdemarie.org\/blog\/wp-json\/wp\/v2\/posts\/23776\/revisions"}],"predecessor-version":[{"id":23778,"href":"https:\/\/www.associationdemarie.org\/blog\/wp-json\/wp\/v2\/posts\/23776\/revisions\/23778"}],"wp:attachment":[{"href":"https:\/\/www.associationdemarie.org\/blog\/wp-json\/wp\/v2\/media?parent=23776"}],"wp:term":[{"taxonomy":"category","embeddable":true,"href":"https:\/\/www.associationdemarie.org\/blog\/wp-json\/wp\/v2\/categories?post=23776"},{"taxonomy":"post_tag","embeddable":true,"href":"https:\/\/www.associationdemarie.org\/blog\/wp-json\/wp\/v2\/tags?post=23776"}],"curies":[{"name":"wp","href":"https:\/\/api.w.org\/{rel}","templated":true}]}}