{"id":23763,"date":"2023-12-27T01:54:15","date_gmt":"2023-12-27T00:54:15","guid":{"rendered":"http:\/\/www.associationdemarie.org\/blog\/?p=23763"},"modified":"2023-12-13T07:56:19","modified_gmt":"2023-12-13T06:56:19","slug":"fete-de-saint-jean-apotre-et-evangeliste-9","status":"publish","type":"post","link":"https:\/\/www.associationdemarie.org\/blog\/fete-de-saint-jean-apotre-et-evangeliste-9\/","title":{"rendered":"F\u00eate de saint Jean, ap\u00f4tre et \u00e9vang\u00e9liste"},"content":{"rendered":"<p><a href=\"https:\/\/www.associationdemarie.org\/blog\/wp-content\/uploads\/2023\/12\/27-12-jean_evangeliste.jpg\"><img loading=\"lazy\" decoding=\"async\" class=\"aligncenter  wp-image-23764\" src=\"https:\/\/www.associationdemarie.org\/blog\/wp-content\/uploads\/2023\/12\/27-12-jean_evangeliste.jpg\" alt=\"\" width=\"464\" height=\"357\" srcset=\"https:\/\/www.associationdemarie.org\/blog\/wp-content\/uploads\/2023\/12\/27-12-jean_evangeliste.jpg 626w, https:\/\/www.associationdemarie.org\/blog\/wp-content\/uploads\/2023\/12\/27-12-jean_evangeliste-300x231.jpg 300w\" sizes=\"auto, (max-width: 464px) 100vw, 464px\" \/><\/a><\/p>\n<p>Le Seigneur est venu lui-m\u00eame, docteur de la charit\u00e9, rempli de charit\u00e9. (\u2026) R\u00e9fl\u00e9chissez avec moi, fr\u00e8res, \u00e0 la nature de ces deux pr\u00e9ceptes. Ils doivent vous \u00eatre tr\u00e8s connus, et non seulement vous venir \u00e0 l\u2019esprit, quand nous les rappelons, mais ne jamais s\u2019effacer de nos c\u0153urs : tel est notre devoir.<\/p>\n<p>Pensez sans cesse qu\u2019il faut aimer Dieu et son prochain. Dieu, de tout ton c\u0153ur, de toute ton \u00e2me, et de tout ton esprit ; et ton prochain comme toi-m\u00eame. (\u2026) L\u2019amour de Dieu est le premier dans l\u2019ordre du pr\u00e9cepte, mais l\u2019amour du prochain est le premier dans l\u2019ordre de l\u2019ex\u00e9cution. Et en effet, celui qui te commandait cet amour en deux pr\u00e9ceptes, ne pouvait te commander d\u2019aimer d\u2019abord ton prochain et Dieu ensuite ; mais Dieu et le prochain.<\/p>\n<p>Seulement, parce que tu ne vois pas encore Dieu, c\u2019est en aimant le prochain que tu m\u00e9rites de le voir ; en aimant le prochain, tu purifies ton \u0153il pour voir Dieu. C\u2019est pour Jean une \u00e9vidence : \u00ab Si tu n\u2019aimes pas ton fr\u00e8re que tu vois, comment pourra-tu aimer Dieu que tu ne vois pas ? \u00bb (1Jn 4,20) On te dit : Aime Dieu. Si tu me dis : Montre-moi celui que je dois aimer ; que r\u00e9pondrai-je, sinon ce que Jean dit lui-m\u00eame : \u00ab Dieu, personne ne l\u2019a jamais vu \u00bb (Jn1,18). Et pourtant ne te crois pas tout \u00e0 fait \u00e9tranger \u00e0 la vision de Dieu : \u00ab Dieu, dit Jean, est Amour \u00bb ; et \u00ab quiconque demeure dans l\u2019amour demeure en Dieu \u00bb (1Jn 4,16).<\/p>\n<p>Aime donc le prochain ; et consid\u00e8re en toi la source de cet amour du prochain ; l\u00e0, autant, qu\u2019il est possible, tu verras Dieu. (\u2026) \u00ab Alors ta lumi\u00e8re poindra, comme la lumi\u00e8re du matin \u00bb (Is 58,8). Ta lumi\u00e8re, c\u2019est ton Dieu, pour toi, lumi\u00e8re du matin, car elle succ\u00e9dera \u00e0 la nuit de ce si\u00e8cle : lui, en effet, il ne se l\u00e8ve ni ne se couche, car il demeure \u00e9ternellement.<\/p>\n<h3 class=\"GospelCommentaryAuthor-name commentary-author font-2\">Saint Augustin (354-430)<\/h3>\n<p>&nbsp;<\/p>\n<p>&nbsp;<\/p>\n<p>&nbsp;<\/p>\n","protected":false},"excerpt":{"rendered":"<p>Le Seigneur est venu lui-m\u00eame, docteur de la charit\u00e9, rempli de charit\u00e9. (\u2026) R\u00e9fl\u00e9chissez avec moi, fr\u00e8res, \u00e0 la nature de ces deux pr\u00e9ceptes. Ils doivent vous \u00eatre tr\u00e8s connus, et non seulement vous venir \u00e0 l\u2019esprit, quand nous les rappelons, mais ne jamais s\u2019effacer de nos c\u0153urs : tel est notre devoir. Pensez sans [&hellip;]<\/p>\n","protected":false},"author":2,"featured_media":0,"comment_status":"closed","ping_status":"closed","sticky":false,"template":"","format":"standard","meta":{"footnotes":""},"categories":[3,28],"tags":[62,388,837,1012,1041],"class_list":["post-23763","post","type-post","status-publish","format-standard","hentry","category-liturgique","category-saints-et-saintes","tag-amour","tag-evangeliste","tag-prochain","tag-st-augustin","tag-st-jean"],"_links":{"self":[{"href":"https:\/\/www.associationdemarie.org\/blog\/wp-json\/wp\/v2\/posts\/23763","targetHints":{"allow":["GET"]}}],"collection":[{"href":"https:\/\/www.associationdemarie.org\/blog\/wp-json\/wp\/v2\/posts"}],"about":[{"href":"https:\/\/www.associationdemarie.org\/blog\/wp-json\/wp\/v2\/types\/post"}],"author":[{"embeddable":true,"href":"https:\/\/www.associationdemarie.org\/blog\/wp-json\/wp\/v2\/users\/2"}],"replies":[{"embeddable":true,"href":"https:\/\/www.associationdemarie.org\/blog\/wp-json\/wp\/v2\/comments?post=23763"}],"version-history":[{"count":1,"href":"https:\/\/www.associationdemarie.org\/blog\/wp-json\/wp\/v2\/posts\/23763\/revisions"}],"predecessor-version":[{"id":23765,"href":"https:\/\/www.associationdemarie.org\/blog\/wp-json\/wp\/v2\/posts\/23763\/revisions\/23765"}],"wp:attachment":[{"href":"https:\/\/www.associationdemarie.org\/blog\/wp-json\/wp\/v2\/media?parent=23763"}],"wp:term":[{"taxonomy":"category","embeddable":true,"href":"https:\/\/www.associationdemarie.org\/blog\/wp-json\/wp\/v2\/categories?post=23763"},{"taxonomy":"post_tag","embeddable":true,"href":"https:\/\/www.associationdemarie.org\/blog\/wp-json\/wp\/v2\/tags?post=23763"}],"curies":[{"name":"wp","href":"https:\/\/api.w.org\/{rel}","templated":true}]}}