{"id":23727,"date":"2023-12-17T01:28:43","date_gmt":"2023-12-17T00:28:43","guid":{"rendered":"http:\/\/www.associationdemarie.org\/blog\/?p=23727"},"modified":"2023-12-03T09:30:39","modified_gmt":"2023-12-03T08:30:39","slug":"troisieme-dimanche-de-lavent-5","status":"publish","type":"post","link":"https:\/\/www.associationdemarie.org\/blog\/troisieme-dimanche-de-lavent-5\/","title":{"rendered":"Troisi\u00e8me Dimanche de l&rsquo;Avent"},"content":{"rendered":"<p><a href=\"https:\/\/www.associationdemarie.org\/blog\/wp-content\/uploads\/2023\/12\/17-12-avent.jpg\"><img loading=\"lazy\" decoding=\"async\" class=\"aligncenter  wp-image-23728\" src=\"https:\/\/www.associationdemarie.org\/blog\/wp-content\/uploads\/2023\/12\/17-12-avent-1024x666.jpg\" alt=\"\" width=\"485\" height=\"315\" srcset=\"https:\/\/www.associationdemarie.org\/blog\/wp-content\/uploads\/2023\/12\/17-12-avent-1024x666.jpg 1024w, https:\/\/www.associationdemarie.org\/blog\/wp-content\/uploads\/2023\/12\/17-12-avent-300x195.jpg 300w, https:\/\/www.associationdemarie.org\/blog\/wp-content\/uploads\/2023\/12\/17-12-avent-768x500.jpg 768w, https:\/\/www.associationdemarie.org\/blog\/wp-content\/uploads\/2023\/12\/17-12-avent.jpg 1200w\" sizes=\"auto, (max-width: 485px) 100vw, 485px\" \/><\/a><\/p>\n<p>\u00d4 Sagesse, sortie de la bouche du Tr\u00e8s-Haut, toi qui embrasses l&rsquo;univers et qui disposes toutes choses dans la force et la tendresse, viens, Seigneur, nous enseigner les chemins du salut.<\/p>\n<p>\u00d4 Adona\u00ef, guide et Seigneur de la maison d&rsquo;Isra\u00ebl, toi qui as manifest\u00e9 ton nom dans la flamme du buisson et qui as donn\u00e9 la loi sur la montagne, viens, Seigneur, nous racheter par la puissance de ton bras.<\/p>\n<p>\u00d4 Rameau de la tige de Jess\u00e9, signe dress\u00e9 pour tous les peuples, devant toi les rois se tiennent en silence et les peuples se prosternent, viens, Seigneur, lib\u00e8re nous, ne tarde plus.<\/p>\n<p>\u00d4 Clef de David et sceptre de la maison d&rsquo;Isra\u00ebl, toi qui ouvres et nul ne ferme, tu fermes et personne n&rsquo;ouvrira ; viens, Seigneur, pour d\u00e9livrer ceux qui habitent les t\u00e9n\u00e8bres.<\/p>\n<p>\u00d4 Soleil levant, splendeur de la lumi\u00e8re \u00e9ternelle et soleil de justice, viens illuminer les t\u00e9n\u00e8bres de ceux qui sont assis \u00e0 l&rsquo;ombre de la mort.<\/p>\n<p>\u00d4 Roi des nations, d\u00e9sir\u00e9 des peuples et des rois, pierre angulaire, qui des pa\u00efens et d&rsquo;Isra\u00ebl fait un seul peuple, viens sauver celui que tu as form\u00e9 du limon de la terre.<\/p>\n<p>\u00d4 Emmanuel, roi qui portes la loi nouvelle, esp\u00e9rance des nations et Sauveur de tous les peuples, toi notre Dieu, viens, ne tarde plus.<\/p>\n<h3 class=\"GospelCommentaryAuthor-name commentary-author font-2\">Liturgie latine<\/h3>\n<p>&nbsp;<\/p>\n<p>&nbsp;<\/p>\n<p>&nbsp;<\/p>\n","protected":false},"excerpt":{"rendered":"<p>\u00d4 Sagesse, sortie de la bouche du Tr\u00e8s-Haut, toi qui embrasses l&rsquo;univers et qui disposes toutes choses dans la force et la tendresse, viens, Seigneur, nous enseigner les chemins du salut. \u00d4 Adona\u00ef, guide et Seigneur de la maison d&rsquo;Isra\u00ebl, toi qui as manifest\u00e9 ton nom dans la flamme du buisson et qui as donn\u00e9 [&hellip;]<\/p>\n","protected":false},"author":2,"featured_media":0,"comment_status":"closed","ping_status":"closed","sticky":false,"template":"","format":"standard","meta":{"footnotes":""},"categories":[3,27],"tags":[127,1644],"class_list":["post-23727","post","type-post","status-publish","format-standard","hentry","category-liturgique","category-prieres","tag-avent","tag-liturgie-latine"],"_links":{"self":[{"href":"https:\/\/www.associationdemarie.org\/blog\/wp-json\/wp\/v2\/posts\/23727","targetHints":{"allow":["GET"]}}],"collection":[{"href":"https:\/\/www.associationdemarie.org\/blog\/wp-json\/wp\/v2\/posts"}],"about":[{"href":"https:\/\/www.associationdemarie.org\/blog\/wp-json\/wp\/v2\/types\/post"}],"author":[{"embeddable":true,"href":"https:\/\/www.associationdemarie.org\/blog\/wp-json\/wp\/v2\/users\/2"}],"replies":[{"embeddable":true,"href":"https:\/\/www.associationdemarie.org\/blog\/wp-json\/wp\/v2\/comments?post=23727"}],"version-history":[{"count":1,"href":"https:\/\/www.associationdemarie.org\/blog\/wp-json\/wp\/v2\/posts\/23727\/revisions"}],"predecessor-version":[{"id":23729,"href":"https:\/\/www.associationdemarie.org\/blog\/wp-json\/wp\/v2\/posts\/23727\/revisions\/23729"}],"wp:attachment":[{"href":"https:\/\/www.associationdemarie.org\/blog\/wp-json\/wp\/v2\/media?parent=23727"}],"wp:term":[{"taxonomy":"category","embeddable":true,"href":"https:\/\/www.associationdemarie.org\/blog\/wp-json\/wp\/v2\/categories?post=23727"},{"taxonomy":"post_tag","embeddable":true,"href":"https:\/\/www.associationdemarie.org\/blog\/wp-json\/wp\/v2\/tags?post=23727"}],"curies":[{"name":"wp","href":"https:\/\/api.w.org\/{rel}","templated":true}]}}