{"id":23721,"date":"2023-12-15T01:18:04","date_gmt":"2023-12-15T00:18:04","guid":{"rendered":"http:\/\/www.associationdemarie.org\/blog\/?p=23721"},"modified":"2023-12-01T09:19:54","modified_gmt":"2023-12-01T08:19:54","slug":"o-moment-present-tu-mappartiens-tout-entier","status":"publish","type":"post","link":"https:\/\/www.associationdemarie.org\/blog\/o-moment-present-tu-mappartiens-tout-entier\/","title":{"rendered":"\u00d4 moment pr\u00e9sent, tu m\u2019appartiens tout entier !"},"content":{"rendered":"<p><a href=\"https:\/\/www.associationdemarie.org\/blog\/wp-content\/uploads\/2023\/12\/15-12-Enfant-J\u00e9sus.jpg\"><img loading=\"lazy\" decoding=\"async\" class=\"aligncenter  wp-image-23722\" src=\"https:\/\/www.associationdemarie.org\/blog\/wp-content\/uploads\/2023\/12\/15-12-Enfant-J\u00e9sus.jpg\" alt=\"\" width=\"455\" height=\"317\" srcset=\"https:\/\/www.associationdemarie.org\/blog\/wp-content\/uploads\/2023\/12\/15-12-Enfant-J\u00e9sus.jpg 497w, https:\/\/www.associationdemarie.org\/blog\/wp-content\/uploads\/2023\/12\/15-12-Enfant-J\u00e9sus-300x209.jpg 300w\" sizes=\"auto, (max-width: 455px) 100vw, 455px\" \/><\/a><\/p>\n<p>\u00d4 mon Dieu,<\/p>\n<p>Lorsque je regarde l\u2019avenir, la peur me prend.<br \/>\nMais pourquoi sonder le futur ?<br \/>\nPour moi, ce n\u2019est que le moment pr\u00e9sent qui est cher,<br \/>\nCar l\u2019avenir ne s\u2019\u00e9tablira peut-\u00eatre pas dans mon \u00e2me.<\/p>\n<p>Le temps pass\u00e9 n\u2019est plus en mon pouvoir,<br \/>\nPour changer quelque chose, corriger ou ajouter.<br \/>\nCar ni le sage, ni les proph\u00e8tes ne sont parvenus \u00e0 le faire,<br \/>\nDonc, il faut remettre \u00e0 Dieu ce que contenait le pass\u00e9.<\/p>\n<p>\u00d4 moment pr\u00e9sent, tu m\u2019appartiens tout entier.<br \/>\nJe d\u00e9sire tirer profit de toi selon mes possibilit\u00e9s,<br \/>\nEt bien que je sois faible et petite,<br \/>\nTu me donnes la gr\u00e2ce de Ta toute-puissance.<\/p>\n<p>Et donc avec confiance en ta mis\u00e9ricorde,<br \/>\nJ\u2019avance dans la vie comme un petit enfant,<br \/>\nEt chaque jour je Te fais le sacrifice de mon c\u0153ur<br \/>\nBr\u00fblant d\u2019amour pour Ta plus grande gloire.<\/p>\n<h3 class=\"GospelCommentaryAuthor-name commentary-author font-2\">Sainte Faustine Kowalska (1905-1938)<\/h3>\n<p>&nbsp;<\/p>\n<p>&nbsp;<\/p>\n<p>&nbsp;<\/p>\n","protected":false},"excerpt":{"rendered":"<p>\u00d4 mon Dieu, Lorsque je regarde l\u2019avenir, la peur me prend. Mais pourquoi sonder le futur ? Pour moi, ce n\u2019est que le moment pr\u00e9sent qui est cher, Car l\u2019avenir ne s\u2019\u00e9tablira peut-\u00eatre pas dans mon \u00e2me. Le temps pass\u00e9 n\u2019est plus en mon pouvoir, Pour changer quelque chose, corriger ou ajouter. Car ni le [&hellip;]<\/p>\n","protected":false},"author":2,"featured_media":0,"comment_status":"closed","ping_status":"closed","sticky":false,"template":"","format":"standard","meta":{"footnotes":""},"categories":[26],"tags":[535,830,1094],"class_list":["post-23721","post","type-post","status-publish","format-standard","hentry","category-priere-des-ames","tag-jesus","tag-priere","tag-ste-faustine"],"_links":{"self":[{"href":"https:\/\/www.associationdemarie.org\/blog\/wp-json\/wp\/v2\/posts\/23721","targetHints":{"allow":["GET"]}}],"collection":[{"href":"https:\/\/www.associationdemarie.org\/blog\/wp-json\/wp\/v2\/posts"}],"about":[{"href":"https:\/\/www.associationdemarie.org\/blog\/wp-json\/wp\/v2\/types\/post"}],"author":[{"embeddable":true,"href":"https:\/\/www.associationdemarie.org\/blog\/wp-json\/wp\/v2\/users\/2"}],"replies":[{"embeddable":true,"href":"https:\/\/www.associationdemarie.org\/blog\/wp-json\/wp\/v2\/comments?post=23721"}],"version-history":[{"count":1,"href":"https:\/\/www.associationdemarie.org\/blog\/wp-json\/wp\/v2\/posts\/23721\/revisions"}],"predecessor-version":[{"id":23723,"href":"https:\/\/www.associationdemarie.org\/blog\/wp-json\/wp\/v2\/posts\/23721\/revisions\/23723"}],"wp:attachment":[{"href":"https:\/\/www.associationdemarie.org\/blog\/wp-json\/wp\/v2\/media?parent=23721"}],"wp:term":[{"taxonomy":"category","embeddable":true,"href":"https:\/\/www.associationdemarie.org\/blog\/wp-json\/wp\/v2\/categories?post=23721"},{"taxonomy":"post_tag","embeddable":true,"href":"https:\/\/www.associationdemarie.org\/blog\/wp-json\/wp\/v2\/tags?post=23721"}],"curies":[{"name":"wp","href":"https:\/\/api.w.org\/{rel}","templated":true}]}}