{"id":23704,"date":"2023-12-10T01:17:18","date_gmt":"2023-12-10T00:17:18","guid":{"rendered":"http:\/\/www.associationdemarie.org\/blog\/?p=23704"},"modified":"2023-11-26T09:19:49","modified_gmt":"2023-11-26T08:19:49","slug":"o-jean-baptiste-toi-qui-as-trace-dans-notre-existence-une-voie-nouvelle","status":"publish","type":"post","link":"https:\/\/www.associationdemarie.org\/blog\/o-jean-baptiste-toi-qui-as-trace-dans-notre-existence-une-voie-nouvelle\/","title":{"rendered":"\u00d4 Jean Baptiste, toi qui as trac\u00e9 dans notre existence une voie nouvelle !"},"content":{"rendered":"<p><a href=\"https:\/\/www.associationdemarie.org\/blog\/wp-content\/uploads\/2023\/11\/10-12-saint-jean-baptiste.jpg\"><img loading=\"lazy\" decoding=\"async\" class=\"aligncenter  wp-image-23705\" src=\"https:\/\/www.associationdemarie.org\/blog\/wp-content\/uploads\/2023\/11\/10-12-saint-jean-baptiste.jpg\" alt=\"\" width=\"494\" height=\"329\" srcset=\"https:\/\/www.associationdemarie.org\/blog\/wp-content\/uploads\/2023\/11\/10-12-saint-jean-baptiste.jpg 625w, https:\/\/www.associationdemarie.org\/blog\/wp-content\/uploads\/2023\/11\/10-12-saint-jean-baptiste-300x200.jpg 300w\" sizes=\"auto, (max-width: 494px) 100vw, 494px\" \/><\/a><\/p>\n<p>Avant l\u2019aube je viens vers toi, toi qui dans ta compassion t\u2019es an\u00e9anti sans changement en faveur de l\u2019homme d\u00e9chu et qui, demeurant impassible, t\u2019es inclin\u00e9 jusqu\u2019\u00e0 la Passion, \u00f4 Verbe de Dieu : accorde-moi la paix, Ami de l\u2019homme.<\/p>\n<p>Tu es devenu, \u00f4 Bienheureux, temple de la Trinit\u00e9, et voici que r\u00e9unis dans ton saint temple avec une foi fervente nous te supplions, Pr\u00e9curseur : \u00ab D\u00e9livre-nous des tentations et afflictions, toi digne de toute louange. \u00bb<\/p>\n<p>Moi qui ai rendu mon esprit \u00e9tranger \u00e0 toute vertu, je te supplie maintenant, Bienheureux, qui as trac\u00e9 dans notre existence une voie toute nouvelle : \u00ab Procure-moi la familiarit\u00e9 avec le Dieu de l\u2019univers et fais-moi par d\u2019admirables progr\u00e8s grandir en vertu. \u00bb<\/p>\n<p>Toi qui as plong\u00e9 dans les courants du Jourdain l\u2019Ab\u00eeme de la mis\u00e9ricorde, Proph\u00e8te, taris maintenant, par ton intercession, les sources multiples de mes vices, en m\u2019accordant des ruisseaux de larmes.<\/p>\n<p>Vierge resplendissante dans tes parures divines, tu as enfant\u00e9 l\u2019Homme de toute beaut\u00e9 : qu\u2019il se laisse donc toujours fl\u00e9chir par tes pri\u00e8res et nous sauve de la corruption, nous qui te glorifions avec foi et amour.<\/p>\n<h3 class=\"GospelCommentaryAuthor-name commentary-author font-2\">Livre d&rsquo;heures du Sina\u00ef (9e si\u00e8cle)<\/h3>\n<p>&nbsp;<\/p>\n<p>&nbsp;<\/p>\n<p>&nbsp;<\/p>\n","protected":false},"excerpt":{"rendered":"<p>Avant l\u2019aube je viens vers toi, toi qui dans ta compassion t\u2019es an\u00e9anti sans changement en faveur de l\u2019homme d\u00e9chu et qui, demeurant impassible, t\u2019es inclin\u00e9 jusqu\u2019\u00e0 la Passion, \u00f4 Verbe de Dieu : accorde-moi la paix, Ami de l\u2019homme. Tu es devenu, \u00f4 Bienheureux, temple de la Trinit\u00e9, et voici que r\u00e9unis dans ton [&hellip;]<\/p>\n","protected":false},"author":2,"featured_media":0,"comment_status":"closed","ping_status":"closed","sticky":false,"template":"","format":"standard","meta":{"footnotes":""},"categories":[3,28],"tags":[127,987,1042],"class_list":["post-23704","post","type-post","status-publish","format-standard","hentry","category-liturgique","category-saints-et-saintes","tag-avent","tag-sinai","tag-st-jean-baptiste"],"_links":{"self":[{"href":"https:\/\/www.associationdemarie.org\/blog\/wp-json\/wp\/v2\/posts\/23704","targetHints":{"allow":["GET"]}}],"collection":[{"href":"https:\/\/www.associationdemarie.org\/blog\/wp-json\/wp\/v2\/posts"}],"about":[{"href":"https:\/\/www.associationdemarie.org\/blog\/wp-json\/wp\/v2\/types\/post"}],"author":[{"embeddable":true,"href":"https:\/\/www.associationdemarie.org\/blog\/wp-json\/wp\/v2\/users\/2"}],"replies":[{"embeddable":true,"href":"https:\/\/www.associationdemarie.org\/blog\/wp-json\/wp\/v2\/comments?post=23704"}],"version-history":[{"count":2,"href":"https:\/\/www.associationdemarie.org\/blog\/wp-json\/wp\/v2\/posts\/23704\/revisions"}],"predecessor-version":[{"id":23707,"href":"https:\/\/www.associationdemarie.org\/blog\/wp-json\/wp\/v2\/posts\/23704\/revisions\/23707"}],"wp:attachment":[{"href":"https:\/\/www.associationdemarie.org\/blog\/wp-json\/wp\/v2\/media?parent=23704"}],"wp:term":[{"taxonomy":"category","embeddable":true,"href":"https:\/\/www.associationdemarie.org\/blog\/wp-json\/wp\/v2\/categories?post=23704"},{"taxonomy":"post_tag","embeddable":true,"href":"https:\/\/www.associationdemarie.org\/blog\/wp-json\/wp\/v2\/tags?post=23704"}],"curies":[{"name":"wp","href":"https:\/\/api.w.org\/{rel}","templated":true}]}}