{"id":23671,"date":"2023-12-01T01:14:54","date_gmt":"2023-12-01T00:14:54","guid":{"rendered":"http:\/\/www.associationdemarie.org\/blog\/?p=23671"},"modified":"2023-11-17T08:16:41","modified_gmt":"2023-11-17T07:16:41","slug":"lorsque-vous-verrez-arriver-cela-sachez-que-le-royaume-de-dieu-est-proche","status":"publish","type":"post","link":"https:\/\/www.associationdemarie.org\/blog\/lorsque-vous-verrez-arriver-cela-sachez-que-le-royaume-de-dieu-est-proche\/","title":{"rendered":"\u00ab Lorsque vous verrez arriver cela, sachez que le royaume de Dieu est proche. \u00bb"},"content":{"rendered":"<p><a href=\"https:\/\/www.associationdemarie.org\/blog\/wp-content\/uploads\/2023\/11\/1-12.jpg\"><img loading=\"lazy\" decoding=\"async\" class=\"aligncenter  wp-image-23672\" src=\"https:\/\/www.associationdemarie.org\/blog\/wp-content\/uploads\/2023\/11\/1-12-1024x576.jpg\" alt=\"\" width=\"478\" height=\"269\" srcset=\"https:\/\/www.associationdemarie.org\/blog\/wp-content\/uploads\/2023\/11\/1-12-1024x576.jpg 1024w, https:\/\/www.associationdemarie.org\/blog\/wp-content\/uploads\/2023\/11\/1-12-300x169.jpg 300w, https:\/\/www.associationdemarie.org\/blog\/wp-content\/uploads\/2023\/11\/1-12-768x432.jpg 768w, https:\/\/www.associationdemarie.org\/blog\/wp-content\/uploads\/2023\/11\/1-12.jpg 1280w\" sizes=\"auto, (max-width: 478px) 100vw, 478px\" \/><\/a><\/p>\n<p>\u00ab En lui nous vivons, en lui nous avons le mouvement et l&rsquo;\u00eatre \u00bb (Ac 17,28). Heureux celui qui vit par lui, qui est m\u00fb par lui, et en qui il est la vie. Vous me demanderez, puisque les traces de sa venue ne sont pas perceptibles, comment j&rsquo;ai pu savoir qu&rsquo;il \u00e9tait pr\u00e9sent ? C&rsquo;est que le Verbe, la Parole de Dieu, est \u00ab vivant et efficace \u00bb (He 4,12) : \u00e0 peine \u00e9tait-il en moi qu&rsquo;il a r\u00e9veill\u00e9 mon \u00e2me endormie. Il a vivifi\u00e9, attendri et excit\u00e9 mon c\u0153ur qui \u00e9tait assoupi et dur comme une pierre (Ez 36,26). Il a commenc\u00e9 \u00e0 arracher et \u00e0 sarcler, \u00e0 construire et \u00e0 planter, \u00e0 arroser ma s\u00e9cheresse, \u00e0 \u00e9clairer mes t\u00e9n\u00e8bres, \u00e0 ouvrir ce qui \u00e9tait ferm\u00e9, \u00e0 enflammer ma froideur, et aussi \u00e0 \u00ab redresser les sentiers tortueux et aplanir les endroits rugueux \u00bb de mon \u00e2me (Is 40,4), de sorte qu&rsquo;elle puisse \u00ab b\u00e9nir le Seigneur et que tout ce qui est en moi b\u00e9nisse son saint nom \u00bb (Ps 102,1).<\/p>\n<p>Le Verbe \u00c9poux est venu en moi plus d&rsquo;une fois, mais sans donner signe de son arriv\u00e9e impr\u00e9vue, que ce soit par une voix, une image visuelle ou tout autre approche sensible&#8230; C&rsquo;est au mouvement de mon c\u0153ur que j&rsquo;ai per\u00e7u qu&rsquo;il \u00e9tait l\u00e0. J&rsquo;ai reconnu sa force et sa puissance parce que mes penchants mauvais et mes d\u00e9sirs d\u00e9r\u00e9gl\u00e9s s&rsquo;apaisaient. La mise en discussion ou en accusation de mes sentiments obscurs m&rsquo;a conduit \u00e0 admirer la profondeur de sa sagesse. J&rsquo;ai exp\u00e9riment\u00e9 sa douceur et sa bont\u00e9 au l\u00e9ger progr\u00e8s de ma vie. Et voyant \u00ab se renouveler l&rsquo;homme int\u00e9rieur \u00bb (2Co 4,16), mon esprit au plus profond de moi-m\u00eame, j&rsquo;ai d\u00e9couvert un peu de sa beaut\u00e9. En saisissant enfin tout cela ensemble, j&rsquo;ai trembl\u00e9 devant l&rsquo;immensit\u00e9 de sa grandeur.<\/p>\n<h3 class=\"GospelCommentaryAuthor-name commentary-author font-2\">Saint Bernard (1091-1153)<\/h3>\n<p>&nbsp;<\/p>\n<p>&nbsp;<\/p>\n<p>&nbsp;<\/p>\n","protected":false},"excerpt":{"rendered":"<p>\u00ab En lui nous vivons, en lui nous avons le mouvement et l&rsquo;\u00eatre \u00bb (Ac 17,28). Heureux celui qui vit par lui, qui est m\u00fb par lui, et en qui il est la vie. Vous me demanderez, puisque les traces de sa venue ne sont pas perceptibles, comment j&rsquo;ai pu savoir qu&rsquo;il \u00e9tait pr\u00e9sent ? [&hellip;]<\/p>\n","protected":false},"author":2,"featured_media":0,"comment_status":"closed","ping_status":"closed","sticky":false,"template":"","format":"standard","meta":{"footnotes":""},"categories":[13,16],"tags":[907,982,1017],"class_list":["post-23671","post","type-post","status-publish","format-standard","hentry","category-ecritures","category-jardins-de-la-bible","tag-royaume-des-cieux","tag-signes","tag-st-bernard"],"_links":{"self":[{"href":"https:\/\/www.associationdemarie.org\/blog\/wp-json\/wp\/v2\/posts\/23671","targetHints":{"allow":["GET"]}}],"collection":[{"href":"https:\/\/www.associationdemarie.org\/blog\/wp-json\/wp\/v2\/posts"}],"about":[{"href":"https:\/\/www.associationdemarie.org\/blog\/wp-json\/wp\/v2\/types\/post"}],"author":[{"embeddable":true,"href":"https:\/\/www.associationdemarie.org\/blog\/wp-json\/wp\/v2\/users\/2"}],"replies":[{"embeddable":true,"href":"https:\/\/www.associationdemarie.org\/blog\/wp-json\/wp\/v2\/comments?post=23671"}],"version-history":[{"count":2,"href":"https:\/\/www.associationdemarie.org\/blog\/wp-json\/wp\/v2\/posts\/23671\/revisions"}],"predecessor-version":[{"id":23674,"href":"https:\/\/www.associationdemarie.org\/blog\/wp-json\/wp\/v2\/posts\/23671\/revisions\/23674"}],"wp:attachment":[{"href":"https:\/\/www.associationdemarie.org\/blog\/wp-json\/wp\/v2\/media?parent=23671"}],"wp:term":[{"taxonomy":"category","embeddable":true,"href":"https:\/\/www.associationdemarie.org\/blog\/wp-json\/wp\/v2\/categories?post=23671"},{"taxonomy":"post_tag","embeddable":true,"href":"https:\/\/www.associationdemarie.org\/blog\/wp-json\/wp\/v2\/tags?post=23671"}],"curies":[{"name":"wp","href":"https:\/\/api.w.org\/{rel}","templated":true}]}}