{"id":23656,"date":"2023-11-28T01:51:31","date_gmt":"2023-11-28T00:51:31","guid":{"rendered":"http:\/\/www.associationdemarie.org\/blog\/?p=23656"},"modified":"2023-11-14T07:53:33","modified_gmt":"2023-11-14T06:53:33","slug":"louez-dieu-dans-son-sanctuaire-que-tout-ce-qui-respire-loue-le-seigneur-ps-150","status":"publish","type":"post","link":"https:\/\/www.associationdemarie.org\/blog\/louez-dieu-dans-son-sanctuaire-que-tout-ce-qui-respire-loue-le-seigneur-ps-150\/","title":{"rendered":"\u00ab Louez Dieu dans son sanctuaire&#8230; Que tout ce qui respire loue le Seigneur. \u00bb (Ps 150)"},"content":{"rendered":"<p><a href=\"https:\/\/www.associationdemarie.org\/blog\/wp-content\/uploads\/2023\/11\/28-11.jpeg\"><img loading=\"lazy\" decoding=\"async\" class=\"aligncenter  wp-image-23657\" src=\"https:\/\/www.associationdemarie.org\/blog\/wp-content\/uploads\/2023\/11\/28-11.jpeg\" alt=\"\" width=\"458\" height=\"323\" srcset=\"https:\/\/www.associationdemarie.org\/blog\/wp-content\/uploads\/2023\/11\/28-11.jpeg 706w, https:\/\/www.associationdemarie.org\/blog\/wp-content\/uploads\/2023\/11\/28-11-300x211.jpeg 300w\" sizes=\"auto, (max-width: 458px) 100vw, 458px\" \/><\/a><\/p>\n<p>Dans l&rsquo;ancienne Alliance, on avait d\u00e9j\u00e0 une certaine compr\u00e9hension du caract\u00e8re eucharistique de la pri\u00e8re. L&rsquo;ouvrage prodigieux de la tente de l&rsquo;Alliance (Ex 25), comme plus tard celui du Temple de Salomon, a \u00e9t\u00e9 consid\u00e9r\u00e9 comme l&rsquo;image de toute la cr\u00e9ation se rassemblant autour de son Seigneur pour l&rsquo;adorer et le servir&#8230; De m\u00eame que, selon le r\u00e9cit de la cr\u00e9ation, le ciel a \u00e9t\u00e9 d\u00e9ploy\u00e9 comme une tenture, des tentures devaient constituer les parois de la tente. De m\u00eame que les eaux d&rsquo;en bas ont \u00e9t\u00e9 s\u00e9par\u00e9es des eaux d&rsquo;en haut, le rideau du Temple s\u00e9parait le Saint des Saints des espaces ext\u00e9rieurs&#8230; Le chandelier \u00e0 sept branches est le symbole des luminaires du ciel. Des agneaux et des oiseaux repr\u00e9sentent le foisonnement des \u00eatres vivants qui peuplent l&rsquo;eau, la terre et l&rsquo;air. Et de m\u00eame que la terre a \u00e9t\u00e9 confi\u00e9e \u00e0 l&rsquo;homme, c&rsquo;est au grand pr\u00eatre qu&rsquo;il revient de se tenir dans le sanctuaire&#8230;<\/p>\n<p>\u00c0 la place du Temple de Salomon, le Christ a b\u00e2ti un temple de pierres vivantes (1P 2,5), la communion des saints. Il se tient en son centre comme le grand pr\u00eatre \u00e9ternel et sur son autel il est lui-m\u00eame le sacrifice offert \u00e9ternellement. Et toute la cr\u00e9ation est rendue participante de cette liturgie : les fruits de la terre y sont associ\u00e9s en offrandes myst\u00e9rieuses, les fleurs et les luminaires, les tentures et le rideau du Temple, le pr\u00eatre consacr\u00e9, ainsi que l&rsquo;onction et la b\u00e9n\u00e9diction de la maison de Dieu.<\/p>\n<p>Les Ch\u00e9rubins ne sont pas non plus absents. Leurs figures sculpt\u00e9es montaient la garde dans le Saint des Saints. Maintenant les moines, leurs images vivantes, veillent \u00e0 ce que la louange de Dieu ne cesse jamais, sur la terre comme au ciel&#8230; Leurs chants de louange appellent d\u00e8s l&rsquo;aube la cr\u00e9ation tout enti\u00e8re \u00e0 s&rsquo;unir pour magnifier le Seigneur : montagnes et collines, fleuves et torrents, mers et terres fermes ainsi que tout ce qui les peuple, nuages et vents, pluie et neige, tous les peuples de la terre, tous les hommes de toutes conditions et de toutes races, et enfin les habitants des cieux, les anges et les saints (cf Dn 3,57-90)&#8230; Nous devons nous joindre, par notre liturgie, \u00e0 cette louange \u00e9ternelle de Dieu. \u00ab Nous \u00bb, qu&rsquo;est-ce \u00e0 dire ? Il ne s&rsquo;agit pas seulement des religieux r\u00e9guliers&#8230;, mais de tout le peuple chr\u00e9tien.<\/p>\n<h3 class=\"GospelCommentaryAuthor-name commentary-author font-2\">Sainte Th\u00e9r\u00e8se-B\u00e9n\u00e9dicte de la Croix [\u00c9dith Stein] (1891-1942)<\/h3>\n<p>&nbsp;<\/p>\n<p>&nbsp;<\/p>\n<p>&nbsp;<\/p>\n","protected":false},"excerpt":{"rendered":"<p>Dans l&rsquo;ancienne Alliance, on avait d\u00e9j\u00e0 une certaine compr\u00e9hension du caract\u00e8re eucharistique de la pri\u00e8re. L&rsquo;ouvrage prodigieux de la tente de l&rsquo;Alliance (Ex 25), comme plus tard celui du Temple de Salomon, a \u00e9t\u00e9 consid\u00e9r\u00e9 comme l&rsquo;image de toute la cr\u00e9ation se rassemblant autour de son Seigneur pour l&rsquo;adorer et le servir&#8230; De m\u00eame que, [&hellip;]<\/p>\n","protected":false},"author":2,"featured_media":0,"comment_status":"closed","ping_status":"closed","sticky":false,"template":"","format":"standard","meta":{"footnotes":""},"categories":[13,1261],"tags":[336,1221,1108,1130],"class_list":["post-23656","post","type-post","status-publish","format-standard","hentry","category-ecritures","category-enseignement-2","tag-eglise","tag-pierres-vivantes","tag-ste-therese-benedicte-de-la-croix","tag-temple"],"_links":{"self":[{"href":"https:\/\/www.associationdemarie.org\/blog\/wp-json\/wp\/v2\/posts\/23656","targetHints":{"allow":["GET"]}}],"collection":[{"href":"https:\/\/www.associationdemarie.org\/blog\/wp-json\/wp\/v2\/posts"}],"about":[{"href":"https:\/\/www.associationdemarie.org\/blog\/wp-json\/wp\/v2\/types\/post"}],"author":[{"embeddable":true,"href":"https:\/\/www.associationdemarie.org\/blog\/wp-json\/wp\/v2\/users\/2"}],"replies":[{"embeddable":true,"href":"https:\/\/www.associationdemarie.org\/blog\/wp-json\/wp\/v2\/comments?post=23656"}],"version-history":[{"count":2,"href":"https:\/\/www.associationdemarie.org\/blog\/wp-json\/wp\/v2\/posts\/23656\/revisions"}],"predecessor-version":[{"id":23659,"href":"https:\/\/www.associationdemarie.org\/blog\/wp-json\/wp\/v2\/posts\/23656\/revisions\/23659"}],"wp:attachment":[{"href":"https:\/\/www.associationdemarie.org\/blog\/wp-json\/wp\/v2\/media?parent=23656"}],"wp:term":[{"taxonomy":"category","embeddable":true,"href":"https:\/\/www.associationdemarie.org\/blog\/wp-json\/wp\/v2\/categories?post=23656"},{"taxonomy":"post_tag","embeddable":true,"href":"https:\/\/www.associationdemarie.org\/blog\/wp-json\/wp\/v2\/tags?post=23656"}],"curies":[{"name":"wp","href":"https:\/\/api.w.org\/{rel}","templated":true}]}}