{"id":23645,"date":"2023-11-25T01:11:48","date_gmt":"2023-11-25T00:11:48","guid":{"rendered":"http:\/\/www.associationdemarie.org\/blog\/?p=23645"},"modified":"2023-11-11T08:14:19","modified_gmt":"2023-11-11T07:14:19","slug":"quand-lame-se-transfigurera-en-eternite","status":"publish","type":"post","link":"https:\/\/www.associationdemarie.org\/blog\/quand-lame-se-transfigurera-en-eternite\/","title":{"rendered":"Quand l\u2019\u00e2me se transfigurera en \u00e9ternit\u00e9\u2026"},"content":{"rendered":"<p><a href=\"https:\/\/www.associationdemarie.org\/blog\/wp-content\/uploads\/2023\/11\/25-11-vie-nouvelle.jpg\"><img loading=\"lazy\" decoding=\"async\" class=\"aligncenter  wp-image-23646\" src=\"https:\/\/www.associationdemarie.org\/blog\/wp-content\/uploads\/2023\/11\/25-11-vie-nouvelle-1024x1024.jpg\" alt=\"\" width=\"446\" height=\"446\" srcset=\"https:\/\/www.associationdemarie.org\/blog\/wp-content\/uploads\/2023\/11\/25-11-vie-nouvelle-1024x1024.jpg 1024w, https:\/\/www.associationdemarie.org\/blog\/wp-content\/uploads\/2023\/11\/25-11-vie-nouvelle-150x150.jpg 150w, https:\/\/www.associationdemarie.org\/blog\/wp-content\/uploads\/2023\/11\/25-11-vie-nouvelle-300x300.jpg 300w, https:\/\/www.associationdemarie.org\/blog\/wp-content\/uploads\/2023\/11\/25-11-vie-nouvelle-768x768.jpg 768w, https:\/\/www.associationdemarie.org\/blog\/wp-content\/uploads\/2023\/11\/25-11-vie-nouvelle.jpg 1200w\" sizes=\"auto, (max-width: 446px) 100vw, 446px\" \/><\/a><\/p>\n<p>L\u2019homme qui suit la voie de la folie et m\u00e9prise la sagesse cr\u00e9atrice se condamne lui-m\u00eame : n\u2019ayant plus aucune limite dans le mal, il ignore la vie future. Il ne veut pas m\u00eame savoir s\u2019il existe une autre vie, et il refuse de scruter attentivement les causes de sa propre nature changeante. Cet homme peut encore comprendre son enfance, son adolescence, sa jeunesse et sa maturit\u00e9, mais il est incapable de comprendre ce qu\u2019il devient dans sa d\u00e9cr\u00e9pitude et le sens de cette transformation de son \u00eatre. La raison lui montre qu\u2019il a un commencement, mais il est incapable de savoir, de comprendre comment il est possible que l\u2019\u00e2me soit immortelle et qu\u2019elle n\u2019ait pas de fin\u2026 (\u2026)<\/p>\n<p>Tant qu\u2019il est dans son corps, les pens\u00e9es de l\u2019homme se multiplient, comme se multiplient sans qu\u2019on puisse les d\u00e9nombrer les \u00e9chos de la louange ang\u00e9lique. La pens\u00e9e anime d\u00e9j\u00e0 la jeunesse, on la formule ensuite par la voix de sa raison et on agit en la suivant. Mais son action ne tient pas sa vie d\u2019elle-m\u00eame : elle a un commencement. L\u2019\u00e9ternit\u00e9 seule tire d\u2019elle-m\u00eame la vie et jamais ne faiblit : avant que le temps n\u2019existe, elle \u00e9tait d\u00e9j\u00e0 \u00e9ternelle vie. Quand l\u2019\u00e2me se transfigurera en \u00e9ternit\u00e9, elle changera de nom : elle n\u2019agira plus dans l\u2019homme par la mode de la pens\u00e9e, mais aura pour s\u00e9jour les louanges des anges qui sont esprit. Si elle s\u2019appellera alors esprit, c\u2019est qu\u2019elle ne peinera plus avec le corps, avec la chair. L\u2019homme portera le nom de vie, car il est d\u00e9j\u00e0 vie en ce monde tant qu\u2019il vit par le souffle de l\u2019esprit, mais il se transfigurera en immortalit\u00e9 par la mort charnelle, il sera pleinement dans la vie. Apr\u00e8s le jugement dernier, c\u2019est par son corps et son \u00e2me qu\u2019il sera \u00e9ternellement vie.<\/p>\n<h3 class=\"GospelCommentaryAuthor-name commentary-author font-2\">Sainte Hildegarde de Bingen (1098-1179)<\/h3>\n<p>&nbsp;<\/p>\n<p>&nbsp;<\/p>\n<p>&nbsp;<\/p>\n","protected":false},"excerpt":{"rendered":"<p>L\u2019homme qui suit la voie de la folie et m\u00e9prise la sagesse cr\u00e9atrice se condamne lui-m\u00eame : n\u2019ayant plus aucune limite dans le mal, il ignore la vie future. Il ne veut pas m\u00eame savoir s\u2019il existe une autre vie, et il refuse de scruter attentivement les causes de sa propre nature changeante. Cet homme [&hellip;]<\/p>\n","protected":false},"author":2,"featured_media":0,"comment_status":"closed","ping_status":"closed","sticky":false,"template":"","format":"standard","meta":{"footnotes":""},"categories":[13,1261,26],"tags":[57,1287],"class_list":["post-23645","post","type-post","status-publish","format-standard","hentry","category-ecritures","category-enseignement-2","category-priere-des-ames","tag-ame","tag-ste-hildegarde-de-bingen"],"_links":{"self":[{"href":"https:\/\/www.associationdemarie.org\/blog\/wp-json\/wp\/v2\/posts\/23645","targetHints":{"allow":["GET"]}}],"collection":[{"href":"https:\/\/www.associationdemarie.org\/blog\/wp-json\/wp\/v2\/posts"}],"about":[{"href":"https:\/\/www.associationdemarie.org\/blog\/wp-json\/wp\/v2\/types\/post"}],"author":[{"embeddable":true,"href":"https:\/\/www.associationdemarie.org\/blog\/wp-json\/wp\/v2\/users\/2"}],"replies":[{"embeddable":true,"href":"https:\/\/www.associationdemarie.org\/blog\/wp-json\/wp\/v2\/comments?post=23645"}],"version-history":[{"count":2,"href":"https:\/\/www.associationdemarie.org\/blog\/wp-json\/wp\/v2\/posts\/23645\/revisions"}],"predecessor-version":[{"id":23648,"href":"https:\/\/www.associationdemarie.org\/blog\/wp-json\/wp\/v2\/posts\/23645\/revisions\/23648"}],"wp:attachment":[{"href":"https:\/\/www.associationdemarie.org\/blog\/wp-json\/wp\/v2\/media?parent=23645"}],"wp:term":[{"taxonomy":"category","embeddable":true,"href":"https:\/\/www.associationdemarie.org\/blog\/wp-json\/wp\/v2\/categories?post=23645"},{"taxonomy":"post_tag","embeddable":true,"href":"https:\/\/www.associationdemarie.org\/blog\/wp-json\/wp\/v2\/tags?post=23645"}],"curies":[{"name":"wp","href":"https:\/\/api.w.org\/{rel}","templated":true}]}}