{"id":23636,"date":"2023-11-22T01:14:07","date_gmt":"2023-11-22T00:14:07","guid":{"rendered":"http:\/\/www.associationdemarie.org\/blog\/?p=23636"},"modified":"2023-11-08T08:15:48","modified_gmt":"2023-11-08T07:15:48","slug":"il-convoqua-ses-serviteurs","status":"publish","type":"post","link":"https:\/\/www.associationdemarie.org\/blog\/il-convoqua-ses-serviteurs\/","title":{"rendered":"\u00ab Il convoqua ses serviteurs. \u00bb"},"content":{"rendered":"<p><a href=\"https:\/\/www.associationdemarie.org\/blog\/wp-content\/uploads\/2023\/11\/22-11.jpeg\"><img loading=\"lazy\" decoding=\"async\" class=\"aligncenter  wp-image-23637\" src=\"https:\/\/www.associationdemarie.org\/blog\/wp-content\/uploads\/2023\/11\/22-11.jpeg\" alt=\"\" width=\"394\" height=\"262\" \/><\/a><\/p>\n<p>V\u00e9rit\u00e9 ch\u00e9rie, juste \u00c9quit\u00e9 de Dieu, comment compara\u00eetrai-je devant ta face, portant mon iniquit\u00e9\u2026, le fardeau de ma trop grande n\u00e9gligence ? Le tr\u00e9sor de la foi chr\u00e9tienne et de la vie spirituelle, h\u00e9las, je ne l&rsquo;ai pas donn\u00e9 au tr\u00e9sor des banquiers de la charit\u00e9, o\u00f9 tu aurais pu le retirer ensuite, selon ta volont\u00e9, accru des int\u00e9r\u00eats de toute la perfection. Le talent qui m&rsquo;a \u00e9t\u00e9 confi\u00e9, mon temps, non seulement je l&rsquo;ai d\u00e9pens\u00e9 en vain, mais je l&rsquo;ai m\u00eame laiss\u00e9 fuir, g\u00e2t\u00e9 et perdu totalement. O\u00f9 irai-je ? De quel c\u00f4t\u00e9 me tournerai-je ? \u00ab O\u00f9 fuirai-je loin de ta face ? \u00bb (Ps 138,7)<\/p>\n<p>V\u00e9rit\u00e9, tu as pour assesseurs ins\u00e9parables la justice et l&rsquo;\u00e9quit\u00e9\u2026 Malheur \u00e0 moi, si je comparais devant ton tribunal sans avoir d&rsquo;avocat qui r\u00e9ponde pour moi : \u00f4 Charit\u00e9, toi, arrive \u00e0 ma d\u00e9charge. Toi, r\u00e9ponds pour moi ; toi, sollicite mon pardon ; toi, plaide ma cause afin que, gr\u00e2ce \u00e0 toi, je vive.<\/p>\n<p>Je sais ce que je ferai : \u00ab Je prendrai la coupe du salut \u00bb (Ps 115,13). Je placerai le calice de J\u00e9sus sur le plateau vide de la V\u00e9rit\u00e9. Ainsi, je rem\u00e9dierai \u00e0 tout ce qui me manque. Ainsi je couvrirai tous mes p\u00e9ch\u00e9s. Par ce calice je rel\u00e8verai toutes mes ruines. Par ce calice je rem\u00e9dierai, dignement et au-del\u00e0, \u00e0 tout ce qu&rsquo;il y a d&rsquo;imparfait en moi\u2026<\/p>\n<p>Ch\u00e8re V\u00e9rit\u00e9, venir \u00e0 toi sans mon J\u00e9sus me serait intol\u00e9rable ; mais avec mon J\u00e9sus, compara\u00eetre devant toi sera pour moi chose bien agr\u00e9able et aimable. V\u00e9rit\u00e9, si\u00e8ge maintenant sur ton tribunal\u2026 :\u00ab Je ne crains aucun mal \u00bb (Ps 22,4).<\/p>\n<h3 class=\"GospelCommentaryAuthor-name commentary-author font-2\">Sainte Gertrude d&rsquo;Helfta (1256-1301)<\/h3>\n<p>&nbsp;<\/p>\n<p>&nbsp;<\/p>\n<p>&nbsp;<\/p>\n","protected":false},"excerpt":{"rendered":"<p>V\u00e9rit\u00e9 ch\u00e9rie, juste \u00c9quit\u00e9 de Dieu, comment compara\u00eetrai-je devant ta face, portant mon iniquit\u00e9\u2026, le fardeau de ma trop grande n\u00e9gligence ? Le tr\u00e9sor de la foi chr\u00e9tienne et de la vie spirituelle, h\u00e9las, je ne l&rsquo;ai pas donn\u00e9 au tr\u00e9sor des banquiers de la charit\u00e9, o\u00f9 tu aurais pu le retirer ensuite, selon ta [&hellip;]<\/p>\n","protected":false},"author":2,"featured_media":0,"comment_status":"closed","ping_status":"closed","sticky":false,"template":"","format":"standard","meta":{"footnotes":""},"categories":[13,1261],"tags":[1662,1524,1181],"class_list":["post-23636","post","type-post","status-publish","format-standard","hentry","category-ecritures","category-enseignement-2","tag-equite","tag-ste-gertrude-dhelfta","tag-verite"],"_links":{"self":[{"href":"https:\/\/www.associationdemarie.org\/blog\/wp-json\/wp\/v2\/posts\/23636","targetHints":{"allow":["GET"]}}],"collection":[{"href":"https:\/\/www.associationdemarie.org\/blog\/wp-json\/wp\/v2\/posts"}],"about":[{"href":"https:\/\/www.associationdemarie.org\/blog\/wp-json\/wp\/v2\/types\/post"}],"author":[{"embeddable":true,"href":"https:\/\/www.associationdemarie.org\/blog\/wp-json\/wp\/v2\/users\/2"}],"replies":[{"embeddable":true,"href":"https:\/\/www.associationdemarie.org\/blog\/wp-json\/wp\/v2\/comments?post=23636"}],"version-history":[{"count":1,"href":"https:\/\/www.associationdemarie.org\/blog\/wp-json\/wp\/v2\/posts\/23636\/revisions"}],"predecessor-version":[{"id":23638,"href":"https:\/\/www.associationdemarie.org\/blog\/wp-json\/wp\/v2\/posts\/23636\/revisions\/23638"}],"wp:attachment":[{"href":"https:\/\/www.associationdemarie.org\/blog\/wp-json\/wp\/v2\/media?parent=23636"}],"wp:term":[{"taxonomy":"category","embeddable":true,"href":"https:\/\/www.associationdemarie.org\/blog\/wp-json\/wp\/v2\/categories?post=23636"},{"taxonomy":"post_tag","embeddable":true,"href":"https:\/\/www.associationdemarie.org\/blog\/wp-json\/wp\/v2\/tags?post=23636"}],"curies":[{"name":"wp","href":"https:\/\/api.w.org\/{rel}","templated":true}]}}