{"id":23632,"date":"2023-11-21T01:57:36","date_gmt":"2023-11-21T00:57:36","guid":{"rendered":"http:\/\/www.associationdemarie.org\/blog\/?p=23632"},"modified":"2023-11-07T07:59:17","modified_gmt":"2023-11-07T06:59:17","slug":"le-fils-de-lhomme-est-venu-chercher-et-sauver-ce-qui-etait-perdu-2","status":"publish","type":"post","link":"https:\/\/www.associationdemarie.org\/blog\/le-fils-de-lhomme-est-venu-chercher-et-sauver-ce-qui-etait-perdu-2\/","title":{"rendered":"\u00ab Le Fils de l\u2019homme est venu chercher et sauver ce qui \u00e9tait perdu. \u00bb"},"content":{"rendered":"<p><a href=\"https:\/\/www.associationdemarie.org\/blog\/wp-content\/uploads\/2023\/11\/21-11.jpg\"><img loading=\"lazy\" decoding=\"async\" class=\"aligncenter  wp-image-23633\" src=\"https:\/\/www.associationdemarie.org\/blog\/wp-content\/uploads\/2023\/11\/21-11-1018x1024.jpg\" alt=\"\" width=\"455\" height=\"457\" srcset=\"https:\/\/www.associationdemarie.org\/blog\/wp-content\/uploads\/2023\/11\/21-11-1018x1024.jpg 1018w, https:\/\/www.associationdemarie.org\/blog\/wp-content\/uploads\/2023\/11\/21-11-150x150.jpg 150w, https:\/\/www.associationdemarie.org\/blog\/wp-content\/uploads\/2023\/11\/21-11-298x300.jpg 298w, https:\/\/www.associationdemarie.org\/blog\/wp-content\/uploads\/2023\/11\/21-11-768x772.jpg 768w, https:\/\/www.associationdemarie.org\/blog\/wp-content\/uploads\/2023\/11\/21-11.jpg 1074w\" sizes=\"auto, (max-width: 455px) 100vw, 455px\" \/><\/a><\/p>\n<p>Le Verbe de Dieu n\u2019a pas abandonn\u00e9 les hommes, ses cr\u00e9atures, qui couraient \u00e0 leur ruine. La mort qui s\u2019\u00e9tait unie \u00e0 eux, il l\u2019a effac\u00e9e par l\u2019offrande de son corps ; leurs n\u00e9gligences, il les a corrig\u00e9es par son enseignement ; et il a restaur\u00e9 le genre humain par sa puissance. (\u2026)<\/p>\n<p>Lorsque la figure de quelqu\u2019un a \u00e9t\u00e9 peinte sur le bois, puis effac\u00e9e par des \u00e9l\u00e9ments ext\u00e9rieurs, il faut la pr\u00e9sence de celui dont c\u2019\u00e9tait le portrait si l\u2019on veut restaurer son image sur la m\u00eame mati\u00e8re. Et si cette mati\u00e8re n\u2019est pas rejet\u00e9e, c\u2019est \u00e0 cause de l\u2019image que l\u2019on y avait peinte et que l\u2019on veut restaurer. De m\u00eame le Fils tr\u00e8s saint du P\u00e8re, \u00e9tant l\u2019image du P\u00e8re, est venu dans nos contr\u00e9es pour renouveler l\u2019homme qui avait \u00e9t\u00e9 fait semblable \u00e0 lui pour le retrouver, puisqu\u2019il \u00e9tait perdu, en lui remettant ses p\u00e9ch\u00e9s, comme dit l\u2019\u00c9criture : \u00ab Je suis venu retrouver et sauver ce qui \u00e9tait perdu \u00bb (Lc 19,10).<\/p>\n<p>Aussi lorsqu\u2019il dit aux Juifs : \u00ab Si quelqu\u2019un ne rena\u00eet pas \u00bb (Jn 3,5), il ne fait pas allusion \u00e0 la naissance \u00e0 partir d\u2019une femme, comme le pensaient les Juifs, mais \u00e0 la renaissance et \u00e0 la recr\u00e9ation de l\u2019homme \u00e0 son image.<\/p>\n<h3 class=\"GospelCommentaryAuthor-name commentary-author font-2\">Saint Athanase (295-373)<\/h3>\n<p>&nbsp;<\/p>\n<p>&nbsp;<\/p>\n<p>&nbsp;<\/p>\n","protected":false},"excerpt":{"rendered":"<p>Le Verbe de Dieu n\u2019a pas abandonn\u00e9 les hommes, ses cr\u00e9atures, qui couraient \u00e0 leur ruine. La mort qui s\u2019\u00e9tait unie \u00e0 eux, il l\u2019a effac\u00e9e par l\u2019offrande de son corps ; leurs n\u00e9gligences, il les a corrig\u00e9es par son enseignement ; et il a restaur\u00e9 le genre humain par sa puissance. (\u2026) Lorsque la [&hellip;]<\/p>\n","protected":false},"author":2,"featured_media":0,"comment_status":"closed","ping_status":"closed","sticky":false,"template":"","format":"standard","meta":{"footnotes":""},"categories":[13,1261],"tags":[964,1011],"class_list":["post-23632","post","type-post","status-publish","format-standard","hentry","category-ecritures","category-enseignement-2","tag-sauveur","tag-st-athanase"],"_links":{"self":[{"href":"https:\/\/www.associationdemarie.org\/blog\/wp-json\/wp\/v2\/posts\/23632","targetHints":{"allow":["GET"]}}],"collection":[{"href":"https:\/\/www.associationdemarie.org\/blog\/wp-json\/wp\/v2\/posts"}],"about":[{"href":"https:\/\/www.associationdemarie.org\/blog\/wp-json\/wp\/v2\/types\/post"}],"author":[{"embeddable":true,"href":"https:\/\/www.associationdemarie.org\/blog\/wp-json\/wp\/v2\/users\/2"}],"replies":[{"embeddable":true,"href":"https:\/\/www.associationdemarie.org\/blog\/wp-json\/wp\/v2\/comments?post=23632"}],"version-history":[{"count":2,"href":"https:\/\/www.associationdemarie.org\/blog\/wp-json\/wp\/v2\/posts\/23632\/revisions"}],"predecessor-version":[{"id":23635,"href":"https:\/\/www.associationdemarie.org\/blog\/wp-json\/wp\/v2\/posts\/23632\/revisions\/23635"}],"wp:attachment":[{"href":"https:\/\/www.associationdemarie.org\/blog\/wp-json\/wp\/v2\/media?parent=23632"}],"wp:term":[{"taxonomy":"category","embeddable":true,"href":"https:\/\/www.associationdemarie.org\/blog\/wp-json\/wp\/v2\/categories?post=23632"},{"taxonomy":"post_tag","embeddable":true,"href":"https:\/\/www.associationdemarie.org\/blog\/wp-json\/wp\/v2\/tags?post=23632"}],"curies":[{"name":"wp","href":"https:\/\/api.w.org\/{rel}","templated":true}]}}