{"id":23605,"date":"2023-11-13T01:51:28","date_gmt":"2023-11-13T00:51:28","guid":{"rendered":"http:\/\/www.associationdemarie.org\/blog\/?p=23605"},"modified":"2023-10-30T07:53:27","modified_gmt":"2023-10-30T06:53:27","slug":"mes-membres-sont-aneantis-jb-168","status":"publish","type":"post","link":"https:\/\/www.associationdemarie.org\/blog\/mes-membres-sont-aneantis-jb-168\/","title":{"rendered":"\u00ab Mes membres sont an\u00e9antis. \u00bb (Jb 16,8)"},"content":{"rendered":"<p><a href=\"https:\/\/www.associationdemarie.org\/blog\/wp-content\/uploads\/2023\/10\/13-11.jpg\"><img loading=\"lazy\" decoding=\"async\" class=\"aligncenter  wp-image-23606\" src=\"https:\/\/www.associationdemarie.org\/blog\/wp-content\/uploads\/2023\/10\/13-11.jpg\" alt=\"\" width=\"441\" height=\"294\" srcset=\"https:\/\/www.associationdemarie.org\/blog\/wp-content\/uploads\/2023\/10\/13-11.jpg 626w, https:\/\/www.associationdemarie.org\/blog\/wp-content\/uploads\/2023\/10\/13-11-300x200.jpg 300w\" sizes=\"auto, (max-width: 441px) 100vw, 441px\" \/><\/a><\/p>\n<p>\u00ab Mais maintenant je suis \u00e9cras\u00e9 par ma douleur et tous mes membres sont an\u00e9antis. \u00bb (Jb 16,8 Vg) La sainte \u00c9glise est \u00e9cras\u00e9e par sa douleur quand elle voit monter dans leur malignit\u00e9 les hommes pervertis. Et comme la mont\u00e9e des hommes pervers excite aussi les faibles qui sont en son sein \u00e0 suivre les passions de la d\u00e9pravation, Job est en droit de dire : \u00ab Et tous mes membres sont an\u00e9antis. \u00bb Car les os d\u00e9signent les forts, et les membres, les faibles. Les membres de l\u2019\u00c9glise sont donc an\u00e9antis quand, en imitant les pervers qui grandissent en ce monde, les faibles aggravent chaque jour leur faiblesse. Car, au spectacle de la f\u00e9licit\u00e9 des m\u00e9chants, souvent ils perdent leur foi et succombent, ils convoitent les biens temporels, et ils sont comme an\u00e9antis, parce que, en abandonnant l\u2019essence immuable de Dieu, en ch\u00e9rissant le transitoire, on peut dire qu\u2019ils vont vers le non-\u00eatre.<\/p>\n<p>Et c\u2019est sagesse de dire : \u00ab Mais maintenant, je suis \u00e9cras\u00e9 par ma douleur \u00bb, parce que, nous le voyons, c\u2019est maintenant pour l\u2019\u00c9glise le temps de la douleur, le temps de la joie viendra ensuite. Mais il arrive souvent que la sainte \u00c9glise n\u2019a pas seulement \u00e0 souffrir infid\u00e8les et adversaires qui se trouvent hors d\u2019elle : elle a de la peine \u00e0 supporter emb\u00fbches et hostilit\u00e9 de ceux qu\u2019elle porte en son sein. Aussi la bouche du bienheureux ajoute-t-elle sans tarder cette parole : \u00ab Mes rides portent t\u00e9moignage contre moi. \u00bb Les rides peuvent-elles repr\u00e9senter autre chose que la duplicit\u00e9 ? Les rides sont donc tous les membres de la sainte \u00c9glise qui ont en elle une double vie, clamant leur foi en paroles, la reniant par leurs \u0153uvres. (\u2026) Ces rides cependant, la sainte \u00c9glise ne les a pas en ses \u00e9lus, car ils ne savent pas, eux, dissocier attitude ext\u00e9rieure et vie int\u00e9rieure.<\/p>\n<h3 class=\"GospelCommentaryAuthor-name commentary-author font-2\">Saint Gr\u00e9goire le Grand (v. 540-604)<\/h3>\n<p>&nbsp;<\/p>\n<p>&nbsp;<\/p>\n<p>&nbsp;<\/p>\n","protected":false},"excerpt":{"rendered":"<p>\u00ab Mais maintenant je suis \u00e9cras\u00e9 par ma douleur et tous mes membres sont an\u00e9antis. \u00bb (Jb 16,8 Vg) La sainte \u00c9glise est \u00e9cras\u00e9e par sa douleur quand elle voit monter dans leur malignit\u00e9 les hommes pervertis. Et comme la mont\u00e9e des hommes pervers excite aussi les faibles qui sont en son sein \u00e0 suivre [&hellip;]<\/p>\n","protected":false},"author":2,"featured_media":0,"comment_status":"closed","ping_status":"closed","sticky":false,"template":"","format":"standard","meta":{"footnotes":""},"categories":[13,1261],"tags":[336,1660,1488],"class_list":["post-23605","post","type-post","status-publish","format-standard","hentry","category-ecritures","category-enseignement-2","tag-eglise","tag-membres","tag-st-gregoire-le-grand"],"_links":{"self":[{"href":"https:\/\/www.associationdemarie.org\/blog\/wp-json\/wp\/v2\/posts\/23605","targetHints":{"allow":["GET"]}}],"collection":[{"href":"https:\/\/www.associationdemarie.org\/blog\/wp-json\/wp\/v2\/posts"}],"about":[{"href":"https:\/\/www.associationdemarie.org\/blog\/wp-json\/wp\/v2\/types\/post"}],"author":[{"embeddable":true,"href":"https:\/\/www.associationdemarie.org\/blog\/wp-json\/wp\/v2\/users\/2"}],"replies":[{"embeddable":true,"href":"https:\/\/www.associationdemarie.org\/blog\/wp-json\/wp\/v2\/comments?post=23605"}],"version-history":[{"count":1,"href":"https:\/\/www.associationdemarie.org\/blog\/wp-json\/wp\/v2\/posts\/23605\/revisions"}],"predecessor-version":[{"id":23607,"href":"https:\/\/www.associationdemarie.org\/blog\/wp-json\/wp\/v2\/posts\/23605\/revisions\/23607"}],"wp:attachment":[{"href":"https:\/\/www.associationdemarie.org\/blog\/wp-json\/wp\/v2\/media?parent=23605"}],"wp:term":[{"taxonomy":"category","embeddable":true,"href":"https:\/\/www.associationdemarie.org\/blog\/wp-json\/wp\/v2\/categories?post=23605"},{"taxonomy":"post_tag","embeddable":true,"href":"https:\/\/www.associationdemarie.org\/blog\/wp-json\/wp\/v2\/tags?post=23605"}],"curies":[{"name":"wp","href":"https:\/\/api.w.org\/{rel}","templated":true}]}}