{"id":23602,"date":"2023-11-12T01:23:21","date_gmt":"2023-11-12T00:23:21","guid":{"rendered":"http:\/\/www.associationdemarie.org\/blog\/?p=23602"},"modified":"2023-10-29T09:25:24","modified_gmt":"2023-10-29T08:25:24","slug":"voici-lepoux-sortez-a-sa-rencontre","status":"publish","type":"post","link":"https:\/\/www.associationdemarie.org\/blog\/voici-lepoux-sortez-a-sa-rencontre\/","title":{"rendered":"\u00ab Voici l&rsquo;\u00e9poux ! Sortez \u00e0 sa rencontre. \u00bb"},"content":{"rendered":"<p><a href=\"https:\/\/www.associationdemarie.org\/blog\/wp-content\/uploads\/2023\/10\/12-11.jpg\"><img loading=\"lazy\" decoding=\"async\" class=\"aligncenter  wp-image-23603\" src=\"https:\/\/www.associationdemarie.org\/blog\/wp-content\/uploads\/2023\/10\/12-11.jpg\" alt=\"\" width=\"323\" height=\"323\" srcset=\"https:\/\/www.associationdemarie.org\/blog\/wp-content\/uploads\/2023\/10\/12-11.jpg 550w, https:\/\/www.associationdemarie.org\/blog\/wp-content\/uploads\/2023\/10\/12-11-150x150.jpg 150w, https:\/\/www.associationdemarie.org\/blog\/wp-content\/uploads\/2023\/10\/12-11-300x300.jpg 300w\" sizes=\"auto, (max-width: 323px) 100vw, 323px\" \/><\/a><\/p>\n<p>Mon Dieu, mon tr\u00e8s doux Soir, lorsque pour moi sera venu le soir de cette vie, fais-moi m&rsquo;endormir doucement en toi, et exp\u00e9rimenter cet heureux repos que tu as pr\u00e9par\u00e9 en toi \u00e0 ceux qui te sont chers. Que le regard si paisible et gracieux de ta belle dilection, ordonne et dispose avec bont\u00e9 les pr\u00e9paratifs de mes noces. Par l&rsquo;opulence de ta bont\u00e9, couvre (&#8230;) la pauvret\u00e9 de ma vie indigne ; dans les d\u00e9lices de ta charit\u00e9 que mon \u00e2me habite avec une extr\u00eame confiance.<\/p>\n<p>\u00d4 amour, toi-m\u00eame sois alors pour moi un soir si beau, que par toi mon \u00e2me avec joie et all\u00e9gresse dise \u00e0 mon corps un doux adieu et que mon esprit, retournant au Seigneur qui l&rsquo;a donn\u00e9, sous ton ombre suavement repose en paix. Alors tu me diras clairement (&#8230;) : \u00ab Voici venir l&rsquo;\u00c9poux : sors maintenant et unis-toi \u00e0 lui plus intimement, afin qu&rsquo;il te r\u00e9jouisse par la gloire de son visage. \u00bb (&#8230;)<\/p>\n<p>Oh ! quand, quand te montreras-tu \u00e0 moi, afin que je te voie et que je puise avec d\u00e9lices \u00e0 cette source vive que tu es, \u00f4 Dieu ? (Is 12,3) Alors je boirai, je m&rsquo;enivrerai dans l&rsquo;abondance de la douceur de cette source vive, qui sourd des d\u00e9lices de la face (&#8230;) de celui que d\u00e9sire mon \u00e2me (Ps 41,3). \u00d4 douce face, quand me combleras-tu de toi ? Alors j&rsquo;entrerai dans le sanctuaire admirable, jusqu&rsquo;\u00e0 la vue de Dieu (Ps 41,5) ; je ne suis qu&rsquo;\u00e0 l&rsquo;entr\u00e9e, et mon c\u0153ur g\u00e9mit de la longueur de mon exil. Quand me combleras-tu de joie par ta douce face ? (Ps 15,11) Alors je contemplerai et embrasserai le v\u00e9ritable \u00c9poux de mon \u00e2me, mon J\u00e9sus. (&#8230;) L\u00e0 je conna\u00eetrai comme je suis connue (1Co 13,12), j&rsquo;aimerai comme je suis aim\u00e9e ; ainsi je te verrai, mon Dieu, tel que tu es (1Jn 3,2), en ta vision, ta jouissance et ta possession bienheureuse \u00e0 jamais.<\/p>\n<h3 class=\"GospelCommentaryAuthor-name commentary-author font-2\">Sainte Gertrude d&rsquo;Helfta (1256-1301)<\/h3>\n<p>&nbsp;<\/p>\n<p>&nbsp;<\/p>\n<p>&nbsp;<\/p>\n","protected":false},"excerpt":{"rendered":"<p>Mon Dieu, mon tr\u00e8s doux Soir, lorsque pour moi sera venu le soir de cette vie, fais-moi m&rsquo;endormir doucement en toi, et exp\u00e9rimenter cet heureux repos que tu as pr\u00e9par\u00e9 en toi \u00e0 ceux qui te sont chers. Que le regard si paisible et gracieux de ta belle dilection, ordonne et dispose avec bont\u00e9 les [&hellip;]<\/p>\n","protected":false},"author":2,"featured_media":0,"comment_status":"closed","ping_status":"closed","sticky":false,"template":"","format":"standard","meta":{"footnotes":""},"categories":[13,1261],"tags":[369,1524,1572],"class_list":["post-23602","post","type-post","status-publish","format-standard","hentry","category-ecritures","category-enseignement-2","tag-epoux","tag-ste-gertrude-dhelfta","tag-vierges"],"_links":{"self":[{"href":"https:\/\/www.associationdemarie.org\/blog\/wp-json\/wp\/v2\/posts\/23602","targetHints":{"allow":["GET"]}}],"collection":[{"href":"https:\/\/www.associationdemarie.org\/blog\/wp-json\/wp\/v2\/posts"}],"about":[{"href":"https:\/\/www.associationdemarie.org\/blog\/wp-json\/wp\/v2\/types\/post"}],"author":[{"embeddable":true,"href":"https:\/\/www.associationdemarie.org\/blog\/wp-json\/wp\/v2\/users\/2"}],"replies":[{"embeddable":true,"href":"https:\/\/www.associationdemarie.org\/blog\/wp-json\/wp\/v2\/comments?post=23602"}],"version-history":[{"count":1,"href":"https:\/\/www.associationdemarie.org\/blog\/wp-json\/wp\/v2\/posts\/23602\/revisions"}],"predecessor-version":[{"id":23604,"href":"https:\/\/www.associationdemarie.org\/blog\/wp-json\/wp\/v2\/posts\/23602\/revisions\/23604"}],"wp:attachment":[{"href":"https:\/\/www.associationdemarie.org\/blog\/wp-json\/wp\/v2\/media?parent=23602"}],"wp:term":[{"taxonomy":"category","embeddable":true,"href":"https:\/\/www.associationdemarie.org\/blog\/wp-json\/wp\/v2\/categories?post=23602"},{"taxonomy":"post_tag","embeddable":true,"href":"https:\/\/www.associationdemarie.org\/blog\/wp-json\/wp\/v2\/tags?post=23602"}],"curies":[{"name":"wp","href":"https:\/\/api.w.org\/{rel}","templated":true}]}}