{"id":23569,"date":"2023-11-03T01:34:47","date_gmt":"2023-11-03T00:34:47","guid":{"rendered":"http:\/\/www.associationdemarie.org\/blog\/?p=23569"},"modified":"2023-10-20T06:36:28","modified_gmt":"2023-10-20T05:36:28","slug":"le-sabbat-a-ete-fait-pour-lhomme-mc-227-2","status":"publish","type":"post","link":"https:\/\/www.associationdemarie.org\/blog\/le-sabbat-a-ete-fait-pour-lhomme-mc-227-2\/","title":{"rendered":"\u00ab Le sabbat a \u00e9t\u00e9 fait pour l&rsquo;homme. \u00bb (Mc 2,27)"},"content":{"rendered":"<p><a href=\"https:\/\/www.associationdemarie.org\/blog\/wp-content\/uploads\/2023\/10\/3-11-Marc-2-27-LSG-Puis-il-leur-dit-Le-sabbat-a-ete-fait-pour-I41002027-L05.jpg\"><img loading=\"lazy\" decoding=\"async\" class=\" wp-image-23570 aligncenter\" src=\"https:\/\/www.associationdemarie.org\/blog\/wp-content\/uploads\/2023\/10\/3-11-Marc-2-27-LSG-Puis-il-leur-dit-Le-sabbat-a-ete-fait-pour-I41002027-L05-300x300.jpg\" alt=\"\" width=\"393\" height=\"393\" srcset=\"https:\/\/www.associationdemarie.org\/blog\/wp-content\/uploads\/2023\/10\/3-11-Marc-2-27-LSG-Puis-il-leur-dit-Le-sabbat-a-ete-fait-pour-I41002027-L05-300x300.jpg 300w, https:\/\/www.associationdemarie.org\/blog\/wp-content\/uploads\/2023\/10\/3-11-Marc-2-27-LSG-Puis-il-leur-dit-Le-sabbat-a-ete-fait-pour-I41002027-L05-150x150.jpg 150w, https:\/\/www.associationdemarie.org\/blog\/wp-content\/uploads\/2023\/10\/3-11-Marc-2-27-LSG-Puis-il-leur-dit-Le-sabbat-a-ete-fait-pour-I41002027-L05.jpg 700w\" sizes=\"auto, (max-width: 393px) 100vw, 393px\" \/><\/a><\/p>\n<p>Au terme de toute l&rsquo;\u0153uvre de la cr\u00e9ation, le \u00ab shabbat \u00bb, septi\u00e8me jour b\u00e9ni et consacr\u00e9 par Dieu, se relie imm\u00e9diatement \u00e0 l&rsquo;\u0153uvre du sixi\u00e8me jour, o\u00f9 Dieu a fait l&rsquo;homme \u00ab \u00e0 son image, comme sa ressemblance \u00bb (Gn 1,26). Ce lien tr\u00e8s \u00e9troit entre le \u00ab jour de Dieu \u00bb et le \u00ab jour de l&rsquo;homme \u00bb n&rsquo;a pas \u00e9chapp\u00e9 aux P\u00e8res quand ils ont m\u00e9dit\u00e9 sur le r\u00e9cit biblique de la cr\u00e9ation. Ambroise dit \u00e0 ce sujet : \u00ab Je rends gr\u00e2ce au Seigneur notre Dieu, qui a fait une \u0153uvre telle qu&rsquo;il puisse s&rsquo;y reposer. Il a fait le ciel, mais je ne lis pas qu&rsquo;il se soit repos\u00e9 ; il a fait la terre, mais je ne lis pas qu&rsquo;il se soit repos\u00e9 ; il a fait le soleil, la lune et les \u00e9toiles, et l\u00e0 non plus, je ne lis pas qu&rsquo;il se soit repos\u00e9, mais je lis qu&rsquo;il a fait l&rsquo;homme et qu&rsquo;alors il se reposa, en ayant quelqu&rsquo;un \u00e0 qui il puisse remettre ses p\u00e9ch\u00e9s \u00bb. Ainsi, le \u00ab jour de Dieu \u00bb sera \u00e0 jamais directement li\u00e9 au \u00ab jour de l&rsquo;homme \u00bb.<\/p>\n<p>Quand le commandement de Dieu dit : \u00ab Tu te souviendras du jour du sabbat pour le sanctifier \u00bb (Ex 20,8), la pause ordonn\u00e9e pour honorer le jour qui lui est consacr\u00e9 n&rsquo;est nullement un commandement pesant pour l&rsquo;homme, mais plut\u00f4t une aide qui lui permet de reconna\u00eetre sa d\u00e9pendance vitale et lib\u00e9ratrice \u00e0 l&rsquo;\u00e9gard du Cr\u00e9ateur, ainsi que sa vocation \u00e0 collaborer \u00e0 son \u0153uvre et \u00e0 accueillir sa gr\u00e2ce. En honorant le \u00ab repos \u00bb de Dieu, l&rsquo;homme se red\u00e9couvre pleinement lui-m\u00eame ; ainsi le jour du Seigneur se r\u00e9v\u00e8le profond\u00e9ment marqu\u00e9 par la b\u00e9n\u00e9diction divine (Gn 2,3) et, gr\u00e2ce \u00e0 elle, on pourrait le dire dou\u00e9 comme les animaux et les hommes d&rsquo;une sorte de \u00ab f\u00e9condit\u00e9 \u00bb (Gn 1,22.28). Cette f\u00e9condit\u00e9 s&rsquo;exprime surtout en ce que le sabbat ravive et, en un sens, \u00ab multiplie \u00bb le temps lui-m\u00eame, accroissant en l&rsquo;homme, par la m\u00e9moire du Dieu vivant, la joie de vivre et le d\u00e9sir de promouvoir et de donner la vie.<\/p>\n<h3 class=\"GospelCommentaryAuthor-name commentary-author font-2\">Saint Jean-Paul II (1920-2005)<\/h3>\n<p>&nbsp;<\/p>\n<p>&nbsp;<\/p>\n<p>&nbsp;<\/p>\n","protected":false},"excerpt":{"rendered":"<p>Au terme de toute l&rsquo;\u0153uvre de la cr\u00e9ation, le \u00ab shabbat \u00bb, septi\u00e8me jour b\u00e9ni et consacr\u00e9 par Dieu, se relie imm\u00e9diatement \u00e0 l&rsquo;\u0153uvre du sixi\u00e8me jour, o\u00f9 Dieu a fait l&rsquo;homme \u00ab \u00e0 son image, comme sa ressemblance \u00bb (Gn 1,26). Ce lien tr\u00e8s \u00e9troit entre le \u00ab jour de Dieu \u00bb et le [&hellip;]<\/p>\n","protected":false},"author":2,"featured_media":0,"comment_status":"closed","ping_status":"closed","sticky":false,"template":"","format":"standard","meta":{"footnotes":""},"categories":[13,1261],"tags":[911,1253],"class_list":["post-23569","post","type-post","status-publish","format-standard","hentry","category-ecritures","category-enseignement-2","tag-sabbat","tag-st-jean-paul-2"],"_links":{"self":[{"href":"https:\/\/www.associationdemarie.org\/blog\/wp-json\/wp\/v2\/posts\/23569","targetHints":{"allow":["GET"]}}],"collection":[{"href":"https:\/\/www.associationdemarie.org\/blog\/wp-json\/wp\/v2\/posts"}],"about":[{"href":"https:\/\/www.associationdemarie.org\/blog\/wp-json\/wp\/v2\/types\/post"}],"author":[{"embeddable":true,"href":"https:\/\/www.associationdemarie.org\/blog\/wp-json\/wp\/v2\/users\/2"}],"replies":[{"embeddable":true,"href":"https:\/\/www.associationdemarie.org\/blog\/wp-json\/wp\/v2\/comments?post=23569"}],"version-history":[{"count":1,"href":"https:\/\/www.associationdemarie.org\/blog\/wp-json\/wp\/v2\/posts\/23569\/revisions"}],"predecessor-version":[{"id":23571,"href":"https:\/\/www.associationdemarie.org\/blog\/wp-json\/wp\/v2\/posts\/23569\/revisions\/23571"}],"wp:attachment":[{"href":"https:\/\/www.associationdemarie.org\/blog\/wp-json\/wp\/v2\/media?parent=23569"}],"wp:term":[{"taxonomy":"category","embeddable":true,"href":"https:\/\/www.associationdemarie.org\/blog\/wp-json\/wp\/v2\/categories?post=23569"},{"taxonomy":"post_tag","embeddable":true,"href":"https:\/\/www.associationdemarie.org\/blog\/wp-json\/wp\/v2\/tags?post=23569"}],"curies":[{"name":"wp","href":"https:\/\/api.w.org\/{rel}","templated":true}]}}