{"id":23560,"date":"2023-10-31T01:15:42","date_gmt":"2023-10-31T00:15:42","guid":{"rendered":"http:\/\/www.associationdemarie.org\/blog\/?p=23560"},"modified":"2023-10-17T07:17:31","modified_gmt":"2023-10-17T06:17:31","slug":"la-petitesse-dune-semence-et-lesperance-de-la-resurrection","status":"publish","type":"post","link":"https:\/\/www.associationdemarie.org\/blog\/la-petitesse-dune-semence-et-lesperance-de-la-resurrection\/","title":{"rendered":"La petitesse d\u2019une semence et l\u2019esp\u00e9rance de la r\u00e9surrection"},"content":{"rendered":"<p><a href=\"https:\/\/www.associationdemarie.org\/blog\/wp-content\/uploads\/2023\/10\/31-10-christ.jpg\"><img loading=\"lazy\" decoding=\"async\" class=\" wp-image-23561 aligncenter\" src=\"https:\/\/www.associationdemarie.org\/blog\/wp-content\/uploads\/2023\/10\/31-10-christ-231x300.jpg\" alt=\"\" width=\"386\" height=\"501\" srcset=\"https:\/\/www.associationdemarie.org\/blog\/wp-content\/uploads\/2023\/10\/31-10-christ-231x300.jpg 231w, https:\/\/www.associationdemarie.org\/blog\/wp-content\/uploads\/2023\/10\/31-10-christ.jpg 498w\" sizes=\"auto, (max-width: 386px) 100vw, 386px\" \/><\/a><\/p>\n<p>En consid\u00e9rant que l\u2019esprit se lib\u00e8re de la chair, que la chair se change en pourriture, que la pourriture est r\u00e9duite en poussi\u00e8re, que la poussi\u00e8re est r\u00e9duite \u00e0 ses \u00e9l\u00e9ments au point de devenir invisible aux yeux de l\u2019homme, quelques esprits d\u00e9sesp\u00e8rent de pouvoir ressusciter ; ils ont sous les yeux des os dess\u00e9ch\u00e9s : que ces os se rev\u00eatent de leur chair et puissent retrouver la verte fra\u00eecheur de la vie, ils n\u2019ont pas une telle foi. Eh bien, s\u2019ils ne gardent pas la foi en la r\u00e9surrection par ob\u00e9issance, du moins devraient-ils la garder par raison.<\/p>\n<p>Qu\u2019imite, en effet, chaque jour le monde en ses propres \u00e9l\u00e9ments ? N\u2019est-ce pas notre propre r\u00e9surrection ? (\u2026) Consid\u00e9rons donc la petitesse d\u2019une semence d\u2019arbre jet\u00e9e en terre pour produire un arbre, et repr\u00e9sentons-nous, si nous en sommes capables, o\u00f9 \u00e9tait cach\u00e9 dans l\u2019exigu\u00eft\u00e9 de cette semence l\u2019arbre tellement immense qui en est sorti, o\u00f9 donc \u00e9tait le bois, l\u2019\u00e9corce, la verdure du feuillage, la profusion des fruits. Distinguait-on rien de tel dans la semence quand elle \u00e9tait jet\u00e9 en terre ? Et pourtant, selon le plan secret du ma\u00eetre d\u2019\u0153uvre qui ordonne merveilleusement le devenir universel, dans la d\u00e9licatesse de la semence \u00e9tait cach\u00e9e l\u2019\u00e2pret\u00e9 de l\u2019\u00e9corce, dans la fragilit\u00e9 de la semence se voilait la force de sa r\u00e9sistance et dans la s\u00e9cheresse, la profusion de sa f\u00e9condit\u00e9.<\/p>\n<p>Faut-il donc s\u2019\u00e9tonner qu\u2019une poussi\u00e8re si tenue, qui \u00e9chappe m\u00eame \u00e0 nos yeux une fois r\u00e9duite \u00e0 ses \u00e9l\u00e9ments, recouvre forme humaine le jour o\u00f9 le veut Celui qui des semences les plus t\u00e9nues fait surgir dans leur int\u00e9grit\u00e9 des arbres immenses ? Puisque donc nous sommes, par notre constitution m\u00eame, des \u00eatres dou\u00e9s de raison, l\u2019esp\u00e9rance de notre r\u00e9surrection devrait s\u2019imposer \u00e0 notre regard, \u00e0 notre contemplation m\u00eame devant le monde ext\u00e9rieur. Mais comme s\u2019est engourdi en nous le jugement de la raison, pour nous donner un exemple nous est venue, de surcro\u00eet, la gr\u00e2ce du R\u00e9dempteur.<\/p>\n<h3 class=\"GospelCommentaryAuthor-name commentary-author font-2\">Saint Gr\u00e9goire le Grand (v. 540-604)<\/h3>\n<p>&nbsp;<\/p>\n<p>&nbsp;<\/p>\n<p>&nbsp;<\/p>\n","protected":false},"excerpt":{"rendered":"<p>En consid\u00e9rant que l\u2019esprit se lib\u00e8re de la chair, que la chair se change en pourriture, que la pourriture est r\u00e9duite en poussi\u00e8re, que la poussi\u00e8re est r\u00e9duite \u00e0 ses \u00e9l\u00e9ments au point de devenir invisible aux yeux de l\u2019homme, quelques esprits d\u00e9sesp\u00e8rent de pouvoir ressusciter ; ils ont sous les yeux des os dess\u00e9ch\u00e9s [&hellip;]<\/p>\n","protected":false},"author":2,"featured_media":0,"comment_status":"closed","ping_status":"closed","sticky":false,"template":"","format":"standard","meta":{"footnotes":""},"categories":[16],"tags":[460,871,892,1488],"class_list":["post-23560","post","type-post","status-publish","format-standard","hentry","category-jardins-de-la-bible","tag-graine","tag-redempteur","tag-resurrection","tag-st-gregoire-le-grand"],"_links":{"self":[{"href":"https:\/\/www.associationdemarie.org\/blog\/wp-json\/wp\/v2\/posts\/23560","targetHints":{"allow":["GET"]}}],"collection":[{"href":"https:\/\/www.associationdemarie.org\/blog\/wp-json\/wp\/v2\/posts"}],"about":[{"href":"https:\/\/www.associationdemarie.org\/blog\/wp-json\/wp\/v2\/types\/post"}],"author":[{"embeddable":true,"href":"https:\/\/www.associationdemarie.org\/blog\/wp-json\/wp\/v2\/users\/2"}],"replies":[{"embeddable":true,"href":"https:\/\/www.associationdemarie.org\/blog\/wp-json\/wp\/v2\/comments?post=23560"}],"version-history":[{"count":1,"href":"https:\/\/www.associationdemarie.org\/blog\/wp-json\/wp\/v2\/posts\/23560\/revisions"}],"predecessor-version":[{"id":23562,"href":"https:\/\/www.associationdemarie.org\/blog\/wp-json\/wp\/v2\/posts\/23560\/revisions\/23562"}],"wp:attachment":[{"href":"https:\/\/www.associationdemarie.org\/blog\/wp-json\/wp\/v2\/media?parent=23560"}],"wp:term":[{"taxonomy":"category","embeddable":true,"href":"https:\/\/www.associationdemarie.org\/blog\/wp-json\/wp\/v2\/categories?post=23560"},{"taxonomy":"post_tag","embeddable":true,"href":"https:\/\/www.associationdemarie.org\/blog\/wp-json\/wp\/v2\/tags?post=23560"}],"curies":[{"name":"wp","href":"https:\/\/api.w.org\/{rel}","templated":true}]}}