{"id":23557,"date":"2023-10-30T01:13:59","date_gmt":"2023-10-30T00:13:59","guid":{"rendered":"http:\/\/www.associationdemarie.org\/blog\/?p=23557"},"modified":"2023-10-16T07:16:00","modified_gmt":"2023-10-16T06:16:00","slug":"a-linstant-meme-elle-se-trouva-toute-droite-et-elle-rendait-gloire-a-dieu","status":"publish","type":"post","link":"https:\/\/www.associationdemarie.org\/blog\/a-linstant-meme-elle-se-trouva-toute-droite-et-elle-rendait-gloire-a-dieu\/","title":{"rendered":"\u00ab \u00c0 l&rsquo;instant m\u00eame, elle se trouva toute droite, et elle rendait gloire \u00e0 Dieu. \u00bb"},"content":{"rendered":"<p><a href=\"https:\/\/www.associationdemarie.org\/blog\/wp-content\/uploads\/2023\/10\/30-10.jpg\"><img loading=\"lazy\" decoding=\"async\" class=\"aligncenter  wp-image-23558\" src=\"https:\/\/www.associationdemarie.org\/blog\/wp-content\/uploads\/2023\/10\/30-10-300x241.jpg\" alt=\"\" width=\"392\" height=\"315\" srcset=\"https:\/\/www.associationdemarie.org\/blog\/wp-content\/uploads\/2023\/10\/30-10-300x241.jpg 300w, https:\/\/www.associationdemarie.org\/blog\/wp-content\/uploads\/2023\/10\/30-10-768x616.jpg 768w, https:\/\/www.associationdemarie.org\/blog\/wp-content\/uploads\/2023\/10\/30-10.jpg 832w\" sizes=\"auto, (max-width: 392px) 100vw, 392px\" \/><\/a><\/p>\n<p>Il fut un temps o\u00f9 je n&rsquo;\u00e9tais pas, et tu m&rsquo;as cr\u00e9\u00e9.<br \/>\nJe n&rsquo;avais pas pri\u00e9, et toi, tu m&rsquo;as fait.<br \/>\nJe n&rsquo;\u00e9tais pas encore venu \u00e0 la lumi\u00e8re, et tu m&rsquo;as vu.<br \/>\nJe n&rsquo;avais pas paru, et tu as eu piti\u00e9 de moi.<br \/>\nJe ne t&rsquo;avais pas invoqu\u00e9, et tu as pris soin de moi.<br \/>\nJe n&rsquo;avais pas fait un signe de la main, et tu m&rsquo;as regard\u00e9.<br \/>\nJe n&rsquo;avais pas suppli\u00e9, et tu m&rsquo;as fait mis\u00e9ricorde.<br \/>\nJe n&rsquo;avais pas articul\u00e9 un son, et tu m&rsquo;as entendu.<br \/>\nJe n&rsquo;avais pas soupir\u00e9, et tu as pr\u00eat\u00e9 l&rsquo;oreille.<\/p>\n<p>Tout en sachant ce qui allait m&rsquo;arriver actuellement,<br \/>\ntu ne m&rsquo;as pas d\u00e9daign\u00e9.<br \/>\nAyant consid\u00e9r\u00e9 avec tes yeux pr\u00e9voyants<br \/>\nles fautes du p\u00e9cheur que je suis,<br \/>\ntu m&rsquo;as cependant fa\u00e7onn\u00e9.<br \/>\nEt maintenant, moi que tu as cr\u00e9\u00e9,<br \/>\nmoi que tu as sauv\u00e9,<br \/>\nmoi qui ai \u00e9t\u00e9 l&rsquo;objet de tant de sollicitude,<br \/>\nque la blessure du p\u00e9ch\u00e9, suscit\u00e9 par l&rsquo;Accusateur,<br \/>\nne me perde pas pour toujours ! &#8230;<\/p>\n<p>Li\u00e9e, paralys\u00e9e,<br \/>\ncourb\u00e9e comme la femme qui souffrait,<br \/>\nmon \u00e2me malheureuse reste impuissante \u00e0 se redresser.<br \/>\nElle fixe la terre sous le poids du p\u00e9ch\u00e9,<br \/>\n\u00e0 cause des durs liens de Satan&#8230;<br \/>\nPenche-toi vers moi, seul Mis\u00e9ricordieux,<br \/>\npauvre arbre pensant qui est tomb\u00e9.<br \/>\nMoi qui suis dess\u00e9ch\u00e9, fais-moi refleurir<br \/>\nen beaut\u00e9 et splendeur,<br \/>\nselon les paroles divines du saint proph\u00e8te (Ez 17,22-24)&#8230;<br \/>\nToi, seul Protecteur,<br \/>\nveuille jeter sur moi un regard<br \/>\nsorti de la sollicitude de ton amour indicible&#8230;<br \/>\net de rien tu cr\u00e9eras en moi la lumi\u00e8re m\u00eame. (cf Gn 1,3)<\/p>\n<h3 class=\"GospelCommentaryAuthor-name commentary-author font-2\">Saint Gr\u00e9goire de Narek (v. 944-v. 1010)<\/h3>\n<p>&nbsp;<\/p>\n<p>&nbsp;<\/p>\n<p>&nbsp;<\/p>\n","protected":false},"excerpt":{"rendered":"<p>Il fut un temps o\u00f9 je n&rsquo;\u00e9tais pas, et tu m&rsquo;as cr\u00e9\u00e9. Je n&rsquo;avais pas pri\u00e9, et toi, tu m&rsquo;as fait. Je n&rsquo;\u00e9tais pas encore venu \u00e0 la lumi\u00e8re, et tu m&rsquo;as vu. Je n&rsquo;avais pas paru, et tu as eu piti\u00e9 de moi. Je ne t&rsquo;avais pas invoqu\u00e9, et tu as pris soin de [&hellip;]<\/p>\n","protected":false},"author":2,"featured_media":0,"comment_status":"closed","ping_status":"closed","sticky":false,"template":"","format":"standard","meta":{"footnotes":""},"categories":[13,1261],"tags":[465,676,1569],"class_list":["post-23557","post","type-post","status-publish","format-standard","hentry","category-ecritures","category-enseignement-2","tag-guerison","tag-miracle","tag-st-gregoire-de-narek"],"_links":{"self":[{"href":"https:\/\/www.associationdemarie.org\/blog\/wp-json\/wp\/v2\/posts\/23557","targetHints":{"allow":["GET"]}}],"collection":[{"href":"https:\/\/www.associationdemarie.org\/blog\/wp-json\/wp\/v2\/posts"}],"about":[{"href":"https:\/\/www.associationdemarie.org\/blog\/wp-json\/wp\/v2\/types\/post"}],"author":[{"embeddable":true,"href":"https:\/\/www.associationdemarie.org\/blog\/wp-json\/wp\/v2\/users\/2"}],"replies":[{"embeddable":true,"href":"https:\/\/www.associationdemarie.org\/blog\/wp-json\/wp\/v2\/comments?post=23557"}],"version-history":[{"count":1,"href":"https:\/\/www.associationdemarie.org\/blog\/wp-json\/wp\/v2\/posts\/23557\/revisions"}],"predecessor-version":[{"id":23559,"href":"https:\/\/www.associationdemarie.org\/blog\/wp-json\/wp\/v2\/posts\/23557\/revisions\/23559"}],"wp:attachment":[{"href":"https:\/\/www.associationdemarie.org\/blog\/wp-json\/wp\/v2\/media?parent=23557"}],"wp:term":[{"taxonomy":"category","embeddable":true,"href":"https:\/\/www.associationdemarie.org\/blog\/wp-json\/wp\/v2\/categories?post=23557"},{"taxonomy":"post_tag","embeddable":true,"href":"https:\/\/www.associationdemarie.org\/blog\/wp-json\/wp\/v2\/tags?post=23557"}],"curies":[{"name":"wp","href":"https:\/\/api.w.org\/{rel}","templated":true}]}}