{"id":2354,"date":"2011-02-10T01:20:37","date_gmt":"2011-02-10T01:20:37","guid":{"rendered":"http:\/\/preprod.meltem-int.com\/marie\/blog\/?p=2354"},"modified":"2011-02-10T01:20:37","modified_gmt":"2011-02-10T01:20:37","slug":"les-representations-de-st-paul","status":"publish","type":"post","link":"https:\/\/www.associationdemarie.org\/blog\/les-representations-de-st-paul\/","title":{"rendered":"Les repr\u00e9sentations de St Paul"},"content":{"rendered":"<p><a href=\"https:\/\/www.associationdemarie.org\/blog\/wp-content\/uploads\/2011\/02\/St-Paul.jpg\"><img loading=\"lazy\" decoding=\"async\" class=\"alignleft size-medium wp-image-2355\" title=\"St Paul\" src=\"https:\/\/www.associationdemarie.org\/blog\/wp-content\/uploads\/2011\/02\/St-Paul-154x300.jpg\" alt=\"\" width=\"154\" height=\"300\" srcset=\"https:\/\/www.associationdemarie.org\/blog\/wp-content\/uploads\/2011\/02\/St-Paul-154x300.jpg 154w, https:\/\/www.associationdemarie.org\/blog\/wp-content\/uploads\/2011\/02\/St-Paul.jpg 440w\" sizes=\"auto, (max-width: 154px) 100vw, 154px\" \/><\/a>Alors que Paul joue un r\u00f4le majeur dans la diffusion du christianisme, son iconographie est relativement limit\u00e9e, surtout si on la compare \u00e0 celle de Pierre. Toutefois, il est un des rares saints qui, d\u00e8s le haut Moyen Age, pr\u00e9sente un type physique stable. Il est petit, contrefait, chauve, avec un front bomb\u00e9 et une longue barbe (mosa\u00efque du mausol\u00e9e de Galla Placidia \u00e0 Ravenne, VIe si\u00e8cle). Une autre tradition, issue des Actes des Ap\u00f4tres, le d\u00e9peint comme un homme vigoureux, \u00e0 la barbe taill\u00e9e, proche de l\u2019aspect de Pierre. ?Son attribut traditionnel est l\u2019\u00e9p\u00e9e, instrument de son supplice (\u00e0 partir du XIIIe si\u00e8cle). Dans l\u2019art chr\u00e9tien primitif, il tient un livre ou un rouleau de parchemin propre aux \u00c9vang\u00e9listes. ?Quand il est associ\u00e9 \u00e0 Paul, Pierre a la place d\u2019honneur, \u00e0 sa droite. D\u00fcrer, protestant, place cependant Paul au premier plan (Les Ap\u00f4tres, 1526, Munich, Alte Pinakothek). ?Paul est souvent repr\u00e9sent\u00e9 en \u00c9vang\u00e9liste, \u00e9crivant ses \u00c9p\u00eetres. Il appara\u00eet aussi enseignant (Lucas de Leyde, triptyque du Jugement dernier, 1526-1527, Mus\u00e9e de Leyde)\u00a0; \u00e0 l\u2019arri\u00e8re-plan figurent des navires. Tous les \u00e9pisodes de sa vie, de ses voyages, ont \u00e9t\u00e9 illustr\u00e9s (fresques, XIIe si\u00e8cle, chapelle Saint-Anselme, cath\u00e9drale de Cantorb\u00e9ry). Lors de la lapidation de saint \u00c9tienne, Paul garde les v\u00eatements des lapidateurs (tympan de la cath\u00e9drale Saint-\u00c9tienne de Bourges, XIIIe si\u00e8cle).<\/p>\n<p><span style=\"color: #ffffff;\">.<\/span><\/p>\n","protected":false},"excerpt":{"rendered":"<p>Alors que Paul joue un r\u00f4le majeur dans la diffusion du christianisme, son iconographie est relativement limit\u00e9e, surtout si on la compare \u00e0 celle de Pierre. Toutefois, il est un des rares saints qui, d\u00e8s le haut Moyen Age, pr\u00e9sente un type physique stable. Il est petit, contrefait, chauve, avec un front bomb\u00e9 et une [&hellip;]<\/p>\n","protected":false},"author":2,"featured_media":0,"comment_status":"closed","ping_status":"closed","sticky":false,"template":"","format":"standard","meta":{"footnotes":""},"categories":[4,15,28],"tags":[105,362,389,1068,1071],"class_list":["post-2354","post","type-post","status-publish","format-standard","hentry","category-iconographie","category-histoire","category-saints-et-saintes","tag-art","tag-epee","tag-evangile","tag-st-paul","tag-st-pierre"],"_links":{"self":[{"href":"https:\/\/www.associationdemarie.org\/blog\/wp-json\/wp\/v2\/posts\/2354","targetHints":{"allow":["GET"]}}],"collection":[{"href":"https:\/\/www.associationdemarie.org\/blog\/wp-json\/wp\/v2\/posts"}],"about":[{"href":"https:\/\/www.associationdemarie.org\/blog\/wp-json\/wp\/v2\/types\/post"}],"author":[{"embeddable":true,"href":"https:\/\/www.associationdemarie.org\/blog\/wp-json\/wp\/v2\/users\/2"}],"replies":[{"embeddable":true,"href":"https:\/\/www.associationdemarie.org\/blog\/wp-json\/wp\/v2\/comments?post=2354"}],"version-history":[{"count":0,"href":"https:\/\/www.associationdemarie.org\/blog\/wp-json\/wp\/v2\/posts\/2354\/revisions"}],"wp:attachment":[{"href":"https:\/\/www.associationdemarie.org\/blog\/wp-json\/wp\/v2\/media?parent=2354"}],"wp:term":[{"taxonomy":"category","embeddable":true,"href":"https:\/\/www.associationdemarie.org\/blog\/wp-json\/wp\/v2\/categories?post=2354"},{"taxonomy":"post_tag","embeddable":true,"href":"https:\/\/www.associationdemarie.org\/blog\/wp-json\/wp\/v2\/tags?post=2354"}],"curies":[{"name":"wp","href":"https:\/\/api.w.org\/{rel}","templated":true}]}}