{"id":23519,"date":"2023-10-19T01:04:12","date_gmt":"2023-10-19T00:04:12","guid":{"rendered":"http:\/\/www.associationdemarie.org\/blog\/?p=23519"},"modified":"2023-10-05T06:07:04","modified_gmt":"2023-10-05T05:07:04","slug":"malheur-a-vous-parce-que-vous-netes-pas-entres","status":"publish","type":"post","link":"https:\/\/www.associationdemarie.org\/blog\/malheur-a-vous-parce-que-vous-netes-pas-entres\/","title":{"rendered":"\u00ab Malheur \u00e0 vous, parce que vous n\u2019\u00eates pas entr\u00e9s. \u00bb"},"content":{"rendered":"<p><img loading=\"lazy\" decoding=\"async\" class=\"aligncenter  wp-image-23520\" src=\"https:\/\/www.associationdemarie.org\/blog\/wp-content\/uploads\/2023\/10\/19-10.jpg\" alt=\"\" width=\"430\" height=\"618\" srcset=\"https:\/\/www.associationdemarie.org\/blog\/wp-content\/uploads\/2023\/10\/19-10.jpg 1200w, https:\/\/www.associationdemarie.org\/blog\/wp-content\/uploads\/2023\/10\/19-10-209x300.jpg 209w, https:\/\/www.associationdemarie.org\/blog\/wp-content\/uploads\/2023\/10\/19-10-768x1104.jpg 768w, https:\/\/www.associationdemarie.org\/blog\/wp-content\/uploads\/2023\/10\/19-10-712x1024.jpg 712w\" sizes=\"auto, (max-width: 430px) 100vw, 430px\" \/><\/p>\n<p>Si nous sommes, en fait, participants \u00e0 la vie interne de l\u2019\u00c9glise, l\u2019authenticit\u00e9 et l\u2019intensit\u00e9 de cette participation n\u2019est pas seulement affaire de connaissance. On peut \u00eatre un excellent th\u00e9ologien et ne vivre que tr\u00e8s faiblement de la vie de Dieu ; on peut tr\u00e8s bien savoir ce qu\u2019est l\u2019\u00c9glise et n\u2019en \u00eatre qu\u2019une cellule an\u00e9mi\u00e9e. De m\u00eame, on peut \u00ab vivre la foi \u00bb pour tout ce qui est Dieu-nous et ne pas la vivre, mais seulement y adh\u00e9rer intellectuellement pour ce qui est \u00c9glise-nous. M\u00eame quand nous vivons d\u2019une vie unie \u00e0 J\u00e9sus, il faut, je crois, nous demander si nous ne faisons pas de lui et de son amour quelque choses d\u2019encore un peu \u00ab historique \u00bb, si nous ne le voyons pas surtout comme il a \u00e9t\u00e9, et non comme il est, dans l\u2019\u00c9glise.<\/p>\n<p>Avons-nous compris comme Jeanne d\u2019Arc, que \u00ab le Christ et l\u2019\u00c9glise c\u2019est tout un \u00bb ? Nous avons quelquefois, vis-\u00e0-vis de l\u2019\u00c9glise, l\u2019attitude de quelqu\u2019un qui veut un certificat de bonne conduite. L\u2019\u00c9glise ne conduit pas : elle est, et nous sommes en elle. Elle est le Corps du Christ et nous sommes en elle. Elle est le Corps du Christ et nous sommes membres de ce corps. Notre d\u00e9pendance, notre d\u00e9vouement vis-\u00e0-vis d\u2019elle, s\u2019ils exigent des actes ext\u00e9rieurs, des signes, sont avant tout une d\u00e9pendance et un d\u00e9vouement interne, vital. Notre d\u00e9pendance, vis-\u00e0-vis de ce corps qu\u2019elle est, est consid\u00e9rable.<\/p>\n<h3 class=\"GospelCommentaryAuthor-name commentary-author font-2\">V\u00e9n\u00e9rable Madeleine Delbr\u00eal (1904-1964)<\/h3>\n<p>&nbsp;<\/p>\n<p>&nbsp;<\/p>\n<p>&nbsp;<\/p>\n<p>&nbsp;<\/p>\n","protected":false},"excerpt":{"rendered":"<p>Si nous sommes, en fait, participants \u00e0 la vie interne de l\u2019\u00c9glise, l\u2019authenticit\u00e9 et l\u2019intensit\u00e9 de cette participation n\u2019est pas seulement affaire de connaissance. On peut \u00eatre un excellent th\u00e9ologien et ne vivre que tr\u00e8s faiblement de la vie de Dieu ; on peut tr\u00e8s bien savoir ce qu\u2019est l\u2019\u00c9glise et n\u2019en \u00eatre qu\u2019une cellule [&hellip;]<\/p>\n","protected":false},"author":2,"featured_media":0,"comment_status":"closed","ping_status":"closed","sticky":false,"template":"","format":"standard","meta":{"footnotes":""},"categories":[28],"tags":[336,1097,1554],"class_list":["post-23519","post","type-post","status-publish","format-standard","hentry","category-saints-et-saintes","tag-eglise","tag-ste-jeanne-darc","tag-venerable-madeleine-delbrel"],"_links":{"self":[{"href":"https:\/\/www.associationdemarie.org\/blog\/wp-json\/wp\/v2\/posts\/23519","targetHints":{"allow":["GET"]}}],"collection":[{"href":"https:\/\/www.associationdemarie.org\/blog\/wp-json\/wp\/v2\/posts"}],"about":[{"href":"https:\/\/www.associationdemarie.org\/blog\/wp-json\/wp\/v2\/types\/post"}],"author":[{"embeddable":true,"href":"https:\/\/www.associationdemarie.org\/blog\/wp-json\/wp\/v2\/users\/2"}],"replies":[{"embeddable":true,"href":"https:\/\/www.associationdemarie.org\/blog\/wp-json\/wp\/v2\/comments?post=23519"}],"version-history":[{"count":2,"href":"https:\/\/www.associationdemarie.org\/blog\/wp-json\/wp\/v2\/posts\/23519\/revisions"}],"predecessor-version":[{"id":23522,"href":"https:\/\/www.associationdemarie.org\/blog\/wp-json\/wp\/v2\/posts\/23519\/revisions\/23522"}],"wp:attachment":[{"href":"https:\/\/www.associationdemarie.org\/blog\/wp-json\/wp\/v2\/media?parent=23519"}],"wp:term":[{"taxonomy":"category","embeddable":true,"href":"https:\/\/www.associationdemarie.org\/blog\/wp-json\/wp\/v2\/categories?post=23519"},{"taxonomy":"post_tag","embeddable":true,"href":"https:\/\/www.associationdemarie.org\/blog\/wp-json\/wp\/v2\/tags?post=23519"}],"curies":[{"name":"wp","href":"https:\/\/api.w.org\/{rel}","templated":true}]}}