{"id":23497,"date":"2023-10-16T01:08:34","date_gmt":"2023-10-16T00:08:34","guid":{"rendered":"http:\/\/www.associationdemarie.org\/blog\/?p=23497"},"modified":"2023-10-02T07:10:23","modified_gmt":"2023-10-02T06:10:23","slug":"jonas-a-ete-un-signe-il-en-sera-de-meme-avec-le-fils-de-lhomme","status":"publish","type":"post","link":"https:\/\/www.associationdemarie.org\/blog\/jonas-a-ete-un-signe-il-en-sera-de-meme-avec-le-fils-de-lhomme\/","title":{"rendered":"\u00ab Jonas a \u00e9t\u00e9 un signe, il en sera de m\u00eame avec le Fils de l\u2019homme. \u00bb"},"content":{"rendered":"<p><a href=\"https:\/\/www.associationdemarie.org\/blog\/wp-content\/uploads\/2023\/10\/16-10.jpeg\"><img loading=\"lazy\" decoding=\"async\" class=\" wp-image-23498 aligncenter\" src=\"https:\/\/www.associationdemarie.org\/blog\/wp-content\/uploads\/2023\/10\/16-10.jpeg\" alt=\"\" width=\"347\" height=\"347\" srcset=\"https:\/\/www.associationdemarie.org\/blog\/wp-content\/uploads\/2023\/10\/16-10.jpeg 225w, https:\/\/www.associationdemarie.org\/blog\/wp-content\/uploads\/2023\/10\/16-10-150x150.jpeg 150w\" sizes=\"auto, (max-width: 347px) 100vw, 347px\" \/><\/a><\/p>\n<p>Dans les entrailles du montre marin, Jonas, les bras \u00e9tendus en forme de croix, pr\u00e9figurait clairement la Passion qui nous sauve et, en en sortant le troisi\u00e8me jour, il esquissait ta R\u00e9surrection transcendante, Christ notre Dieu, qui dans ta chair as \u00e9t\u00e9 clou\u00e9 au bois et, en te relevant le troisi\u00e8me jour, as illumin\u00e9 le monde.<\/p>\n<p>Toi le Fils par nature, le Verbe m\u00fb par la pi\u00e9t\u00e9, tu as assum\u00e9 dans ton \u00eatre la forme des fils de la terre, d\u00e9chue de sa dignit\u00e9, et tu portes en toi l\u2019une et l\u2019autre forme, je veux dire celle de la divinit\u00e9, consubstantiel que tu es au P\u00e8re, et celle de l\u2019humanit\u00e9, mortel que tu es \u00e9galement en toute v\u00e9rit\u00e9 : ce pour quoi, dans ta nature mortelle, tu as support\u00e9 les souffrances de la Passion. (\u2026)<\/p>\n<p>Les morts reprennent vie, tous \u00e0 la fois ils surgissent de leurs tombeaux, tandis que tu es fix\u00e9 \u00e0 la croix, \u00f4 Christ, car l\u2019Enfer redoutait de t\u2019affronter, dans la crainte de cette vie nouvelle qui fait qu\u2019il s\u2019est retrouv\u00e9 seul, captif et sans recours : mais \u00e0 la fin, compt\u00e9 parmi les morts, apr\u00e8s lui avoir fait d\u00e9gorger ceux qu\u2019il avait aval\u00e9s, tu es ressuscit\u00e9 le troisi\u00e8me jour.<\/p>\n<h3 class=\"GospelCommentaryAuthor-name commentary-author font-2\">Livre d&rsquo;heures du Sina\u00ef (9e si\u00e8cle)<\/h3>\n<p>&nbsp;<\/p>\n<p>&nbsp;<\/p>\n<p>&nbsp;<\/p>\n","protected":false},"excerpt":{"rendered":"<p>Dans les entrailles du montre marin, Jonas, les bras \u00e9tendus en forme de croix, pr\u00e9figurait clairement la Passion qui nous sauve et, en en sortant le troisi\u00e8me jour, il esquissait ta R\u00e9surrection transcendante, Christ notre Dieu, qui dans ta chair as \u00e9t\u00e9 clou\u00e9 au bois et, en te relevant le troisi\u00e8me jour, as illumin\u00e9 le [&hellip;]<\/p>\n","protected":false},"author":2,"featured_media":0,"comment_status":"closed","ping_status":"closed","sticky":false,"template":"","format":"standard","meta":{"footnotes":""},"categories":[13,1261],"tags":[545,981,987],"class_list":["post-23497","post","type-post","status-publish","format-standard","hentry","category-ecritures","category-enseignement-2","tag-jonas","tag-signe","tag-sinai"],"_links":{"self":[{"href":"https:\/\/www.associationdemarie.org\/blog\/wp-json\/wp\/v2\/posts\/23497","targetHints":{"allow":["GET"]}}],"collection":[{"href":"https:\/\/www.associationdemarie.org\/blog\/wp-json\/wp\/v2\/posts"}],"about":[{"href":"https:\/\/www.associationdemarie.org\/blog\/wp-json\/wp\/v2\/types\/post"}],"author":[{"embeddable":true,"href":"https:\/\/www.associationdemarie.org\/blog\/wp-json\/wp\/v2\/users\/2"}],"replies":[{"embeddable":true,"href":"https:\/\/www.associationdemarie.org\/blog\/wp-json\/wp\/v2\/comments?post=23497"}],"version-history":[{"count":1,"href":"https:\/\/www.associationdemarie.org\/blog\/wp-json\/wp\/v2\/posts\/23497\/revisions"}],"predecessor-version":[{"id":23499,"href":"https:\/\/www.associationdemarie.org\/blog\/wp-json\/wp\/v2\/posts\/23497\/revisions\/23499"}],"wp:attachment":[{"href":"https:\/\/www.associationdemarie.org\/blog\/wp-json\/wp\/v2\/media?parent=23497"}],"wp:term":[{"taxonomy":"category","embeddable":true,"href":"https:\/\/www.associationdemarie.org\/blog\/wp-json\/wp\/v2\/categories?post=23497"},{"taxonomy":"post_tag","embeddable":true,"href":"https:\/\/www.associationdemarie.org\/blog\/wp-json\/wp\/v2\/tags?post=23497"}],"curies":[{"name":"wp","href":"https:\/\/api.w.org\/{rel}","templated":true}]}}