{"id":23476,"date":"2023-10-09T01:13:51","date_gmt":"2023-10-09T00:13:51","guid":{"rendered":"http:\/\/www.associationdemarie.org\/blog\/?p=23476"},"modified":"2023-09-25T07:15:57","modified_gmt":"2023-09-25T06:15:57","slug":"il-sapprocha-et-pansa-ses-blessures-lc-10-34","status":"publish","type":"post","link":"https:\/\/www.associationdemarie.org\/blog\/il-sapprocha-et-pansa-ses-blessures-lc-10-34\/","title":{"rendered":"\u00ab Il s\u2019approcha et pansa ses blessures. \u00bb (Lc 10, 34)"},"content":{"rendered":"<p><a href=\"https:\/\/www.associationdemarie.org\/blog\/wp-content\/uploads\/2023\/09\/9-10.jpg\"><img loading=\"lazy\" decoding=\"async\" class=\"wp-image-23477 aligncenter\" src=\"https:\/\/www.associationdemarie.org\/blog\/wp-content\/uploads\/2023\/09\/9-10-300x185.jpg\" alt=\"\" width=\"457\" height=\"282\" srcset=\"https:\/\/www.associationdemarie.org\/blog\/wp-content\/uploads\/2023\/09\/9-10-300x185.jpg 300w, https:\/\/www.associationdemarie.org\/blog\/wp-content\/uploads\/2023\/09\/9-10.jpg 600w\" sizes=\"auto, (max-width: 457px) 100vw, 457px\" \/><\/a><\/p>\n<p>Je me suis \u00e9loign\u00e9, Ami de l\u2019homme, j\u2019ai s\u00e9journ\u00e9 dans le d\u00e9sert,<br \/>\nje me suis cach\u00e9 de toi, mon doux Ma\u00eetre,<br \/>\nplong\u00e9 dans la nuit des soucis de la vie<br \/>\no\u00f9 j\u2019ai subi mainte morsure et mainte blessure,<br \/>\nd\u2019o\u00f9 je remonte, l\u2019\u00e2me marqu\u00e9e de mainte plaie,<br \/>\net je crie dans ma douleur et la souffrance de mon c\u0153ur :<br \/>\nAie piti\u00e9 de moi, fais-moi mis\u00e9ricorde, \u00e0 moi le p\u00e9cheur !<\/p>\n<p>M\u00e9decin qui seul aime les \u00e2mes, seul aime la mis\u00e9ricorde,<br \/>\nqui gu\u00e9ris gratuitement les malades et les bless\u00e9s,<br \/>\nsois le m\u00e9decin de mes meurtrissures, de mes blessures !<br \/>\nDistille l\u2019huile de ta gr\u00e2ce, mon Dieu,<br \/>\n\u00e9tends-la sur mes plaies, \u00e9tanche mes ulc\u00e8res,<br \/>\ncicatrise et revigore mes membres<br \/>\nd\u00e9liquescents, et efface-en toutes les cicatrices, Sauveur,<br \/>\nredonne-moi totale et parfaite sant\u00e9, comme auparavant. (\u2026)<\/p>\n<p>Je me suis rel\u00e2ch\u00e9, Ma\u00eetre, pour avoir compt\u00e9 sur moi-m\u00eame ;<br \/>\nje me suis laiss\u00e9 entra\u00eener par le souci des choses sensibles<br \/>\net j\u2019ai succomb\u00e9, malheureux, \u00e0 la pr\u00e9occupation des choses de la vie.<br \/>\nComme le fer une fois refroidi, je suis devenu noir<br \/>\net, \u00e0 force de tra\u00eener par terre, j\u2019ai contract\u00e9 la rouille.<\/p>\n<p>Voil\u00e0 pourquoi je crie vers toi, pour \u00eatre \u00e0 nouveau purifi\u00e9,<br \/>\nje t\u2019en prie, Ami de l\u2019homme, et pour \u00eatre ramen\u00e9<br \/>\n\u00e0 ma beaut\u00e9 premi\u00e8re, et jouir de ta lumi\u00e8re<br \/>\nmaintenant et toujours et dans tous les si\u00e8cles. Amen.<\/p>\n<h3 class=\"GospelCommentaryAuthor-name commentary-author font-2\">Sym\u00e9on le Nouveau Th\u00e9ologien (v. 949-1022)<\/h3>\n<p>&nbsp;<\/p>\n<p>&nbsp;<\/p>\n<p>&nbsp;<\/p>\n","protected":false},"excerpt":{"rendered":"<p>Je me suis \u00e9loign\u00e9, Ami de l\u2019homme, j\u2019ai s\u00e9journ\u00e9 dans le d\u00e9sert, je me suis cach\u00e9 de toi, mon doux Ma\u00eetre, plong\u00e9 dans la nuit des soucis de la vie o\u00f9 j\u2019ai subi mainte morsure et mainte blessure, d\u2019o\u00f9 je remonte, l\u2019\u00e2me marqu\u00e9e de mainte plaie, et je crie dans ma douleur et la souffrance [&hellip;]<\/p>\n","protected":false},"author":2,"featured_media":0,"comment_status":"closed","ping_status":"closed","sticky":false,"template":"","format":"standard","meta":{"footnotes":""},"categories":[26,27],"tags":[164,1523],"class_list":["post-23476","post","type-post","status-publish","format-standard","hentry","category-priere-des-ames","category-prieres","tag-bon-samaritain","tag-symeon-le-nouveau-theologien"],"_links":{"self":[{"href":"https:\/\/www.associationdemarie.org\/blog\/wp-json\/wp\/v2\/posts\/23476","targetHints":{"allow":["GET"]}}],"collection":[{"href":"https:\/\/www.associationdemarie.org\/blog\/wp-json\/wp\/v2\/posts"}],"about":[{"href":"https:\/\/www.associationdemarie.org\/blog\/wp-json\/wp\/v2\/types\/post"}],"author":[{"embeddable":true,"href":"https:\/\/www.associationdemarie.org\/blog\/wp-json\/wp\/v2\/users\/2"}],"replies":[{"embeddable":true,"href":"https:\/\/www.associationdemarie.org\/blog\/wp-json\/wp\/v2\/comments?post=23476"}],"version-history":[{"count":1,"href":"https:\/\/www.associationdemarie.org\/blog\/wp-json\/wp\/v2\/posts\/23476\/revisions"}],"predecessor-version":[{"id":23478,"href":"https:\/\/www.associationdemarie.org\/blog\/wp-json\/wp\/v2\/posts\/23476\/revisions\/23478"}],"wp:attachment":[{"href":"https:\/\/www.associationdemarie.org\/blog\/wp-json\/wp\/v2\/media?parent=23476"}],"wp:term":[{"taxonomy":"category","embeddable":true,"href":"https:\/\/www.associationdemarie.org\/blog\/wp-json\/wp\/v2\/categories?post=23476"},{"taxonomy":"post_tag","embeddable":true,"href":"https:\/\/www.associationdemarie.org\/blog\/wp-json\/wp\/v2\/tags?post=23476"}],"curies":[{"name":"wp","href":"https:\/\/api.w.org\/{rel}","templated":true}]}}