{"id":2347,"date":"2011-02-08T01:23:07","date_gmt":"2011-02-08T01:23:07","guid":{"rendered":"http:\/\/preprod.meltem-int.com\/marie\/blog\/?p=2347"},"modified":"2011-02-08T01:23:07","modified_gmt":"2011-02-08T01:23:07","slug":"lumiere-du-coeur","status":"publish","type":"post","link":"https:\/\/www.associationdemarie.org\/blog\/lumiere-du-coeur\/","title":{"rendered":"Lumi\u00e8re du coeur"},"content":{"rendered":"<p><a href=\"https:\/\/www.associationdemarie.org\/blog\/wp-content\/uploads\/2011\/02\/Vers_la_lumi\u00e8re.jpg\"><img loading=\"lazy\" decoding=\"async\" class=\"aligncenter size-medium wp-image-2351\" title=\"Vers_la_lumi\u00e8re\" src=\"https:\/\/www.associationdemarie.org\/blog\/wp-content\/uploads\/2011\/02\/Vers_la_lumi\u00e8re-300x224.jpg\" alt=\"\" width=\"300\" height=\"224\" srcset=\"https:\/\/www.associationdemarie.org\/blog\/wp-content\/uploads\/2011\/02\/Vers_la_lumi\u00e8re-300x224.jpg 300w, https:\/\/www.associationdemarie.org\/blog\/wp-content\/uploads\/2011\/02\/Vers_la_lumi\u00e8re.jpg 448w\" sizes=\"auto, (max-width: 300px) 100vw, 300px\" \/><\/a><\/p>\n<p>Ouvrez votre c\u0153ur, pour distribuer \u00e0 tous l\u2019\u00e9lan d\u2019Amour et de Paix que vous devez offrir \u00e0 autrui.<\/p>\n<p>N\u2019ayez peur ni du gel, ni de la torridit\u00e9 des hommes mais au contraire, gardez-vous de toutes les d\u00e9pressions humaines et suivez sans jamais faiblir la lumi\u00e8re de votre c\u0153ur, car bient\u00f4t sera d\u00e9pos\u00e9e en vous et en d\u2019autres hommes, la langue de feu, celle qui donne la force dans la connaissance, de traverser toutes les \u00e9preuves humaines.<\/p>\n<p>Marie M\u00e8re des hommes &#8211; janvier 1995<\/p>\n<p><span style=\"color: #ffffff;\">.<\/span><\/p>\n","protected":false},"excerpt":{"rendered":"<p>Ouvrez votre c\u0153ur, pour distribuer \u00e0 tous l\u2019\u00e9lan d\u2019Amour et de Paix que vous devez offrir \u00e0 autrui. N\u2019ayez peur ni du gel, ni de la torridit\u00e9 des hommes mais au contraire, gardez-vous de toutes les d\u00e9pressions humaines et suivez sans jamais faiblir la lumi\u00e8re de votre c\u0153ur, car bient\u00f4t sera d\u00e9pos\u00e9e en vous et [&hellip;]<\/p>\n","protected":false},"author":2,"featured_media":0,"comment_status":"closed","ping_status":"closed","sticky":false,"template":"","format":"standard","meta":{"footnotes":""},"categories":[12,19],"tags":[65,570,600,640],"class_list":["post-2347","post","type-post","status-publish","format-standard","hentry","category-crise","category-messages","tag-amour-et-paix","tag-langue-de-feu","tag-lumiere","tag-marie-mere-des-hommes"],"_links":{"self":[{"href":"https:\/\/www.associationdemarie.org\/blog\/wp-json\/wp\/v2\/posts\/2347","targetHints":{"allow":["GET"]}}],"collection":[{"href":"https:\/\/www.associationdemarie.org\/blog\/wp-json\/wp\/v2\/posts"}],"about":[{"href":"https:\/\/www.associationdemarie.org\/blog\/wp-json\/wp\/v2\/types\/post"}],"author":[{"embeddable":true,"href":"https:\/\/www.associationdemarie.org\/blog\/wp-json\/wp\/v2\/users\/2"}],"replies":[{"embeddable":true,"href":"https:\/\/www.associationdemarie.org\/blog\/wp-json\/wp\/v2\/comments?post=2347"}],"version-history":[{"count":0,"href":"https:\/\/www.associationdemarie.org\/blog\/wp-json\/wp\/v2\/posts\/2347\/revisions"}],"wp:attachment":[{"href":"https:\/\/www.associationdemarie.org\/blog\/wp-json\/wp\/v2\/media?parent=2347"}],"wp:term":[{"taxonomy":"category","embeddable":true,"href":"https:\/\/www.associationdemarie.org\/blog\/wp-json\/wp\/v2\/categories?post=2347"},{"taxonomy":"post_tag","embeddable":true,"href":"https:\/\/www.associationdemarie.org\/blog\/wp-json\/wp\/v2\/tags?post=2347"}],"curies":[{"name":"wp","href":"https:\/\/api.w.org\/{rel}","templated":true}]}}