{"id":23453,"date":"2023-10-02T01:45:05","date_gmt":"2023-10-02T00:45:05","guid":{"rendered":"http:\/\/www.associationdemarie.org\/blog\/?p=23453"},"modified":"2023-09-18T06:47:07","modified_gmt":"2023-09-18T05:47:07","slug":"fete-des-sts-anges-gardiens-4","status":"publish","type":"post","link":"https:\/\/www.associationdemarie.org\/blog\/fete-des-sts-anges-gardiens-4\/","title":{"rendered":"F\u00eate des Sts Anges Gardiens"},"content":{"rendered":"<p><img loading=\"lazy\" decoding=\"async\" class=\"aligncenter  wp-image-23454\" src=\"https:\/\/www.associationdemarie.org\/blog\/wp-content\/uploads\/2023\/09\/2-10.jpg\" alt=\"\" width=\"382\" height=\"528\" srcset=\"https:\/\/www.associationdemarie.org\/blog\/wp-content\/uploads\/2023\/09\/2-10.jpg 1072w, https:\/\/www.associationdemarie.org\/blog\/wp-content\/uploads\/2023\/09\/2-10-217x300.jpg 217w, https:\/\/www.associationdemarie.org\/blog\/wp-content\/uploads\/2023\/09\/2-10-768x1062.jpg 768w, https:\/\/www.associationdemarie.org\/blog\/wp-content\/uploads\/2023\/09\/2-10-741x1024.jpg 741w\" sizes=\"auto, (max-width: 382px) 100vw, 382px\" \/><\/p>\n<p>C\u2019est aujourd\u2019hui votre f\u00eate, \u00f4 mon bon ange\u2026 De tout mon c\u0153ur je vous dis aux pieds de J\u00e9sus : bonne f\u00eate ! (\u2026) Merci de tous vos bienfaits ! Pardon de toutes mes ingratitudes et de me tenir avec si peu de respect en votre pr\u00e9sence, pardon de vous contrister si souvent ! Gardez-moi, secourez-moi de plus en plus ! (\u2026) Je vous honore et vous aime, cela est ma volont\u00e9, autant que Dieu le permet et le veut\u2026<\/p>\n<p>On demande aux saints des gr\u00e2ces pour leur f\u00eate au lieu de leur faire des offrandes, inspirez-moi ce qu\u2019il vous fera le plus de plaisir que je vous demande, mon bon ange, et je vous le demanderai : \u00ab Un grand respect de ma pr\u00e9sence et de la pr\u00e9sence de Dieu\u2026 penser, parler, agir comme \u00e9tant sans cesse sous les yeux de J\u00e9sus Notre Seigneur et sous les miens et respecter notre pr\u00e9sence comme celle d\u2019\u00eatres tr\u00e8s aim\u00e9s et tr\u00e8s v\u00e9n\u00e9r\u00e9s. (\u2026) Voil\u00e0 ce que je te demande pour l\u2019honneur de J\u00e9sus, le mien, et pour ton bien, mon enfant \u00bb. Mon bon ange, mon cher ange, il me semble que vous me r\u00e9pondez cela\u2026 Je vous le promets\u2026 Je vous demande cette gr\u00e2ce et je vous promets de m\u2019efforcer d\u2019y \u00eatre fid\u00e8le (\u2026).<\/p>\n<p>Si de moi-m\u00eame, et j\u2019esp\u00e8re que cela ne vient pas de moi mais de J\u00e9sus, j\u2019osais vous offrir, par sa force, par son assistance et \u00e0 l\u2019aide de sa gr\u00e2ce, quelque chose pour votre f\u00eate, je vous offrirais le d\u00e9sir de vous aimer de plus en plus, de cro\u00eetre sans cesse en amour, confiance, d\u00e9votion pour vous et d\u2019avoir de plus en plus pr\u00e9sent \u00e0 la pens\u00e9e le sentiment de votre b\u00e9nie pr\u00e9sence. Soyez b\u00e9nis, mon cher ange gardien, bonne f\u00eate ! Soyez b\u00e9nis \u00f4 anges gardiens de tous les hommes.<\/p>\n<h3 class=\"GospelCommentaryAuthor-name commentary-author font-2\">Saint Charles de Foucauld (1858-1916)<\/h3>\n<p>&nbsp;<\/p>\n<p>&nbsp;<\/p>\n<p>&nbsp;<\/p>\n<p>&nbsp;<\/p>\n<p>&nbsp;<\/p>\n<p>&nbsp;<\/p>\n<p>&nbsp;<\/p>\n","protected":false},"excerpt":{"rendered":"<p>C\u2019est aujourd\u2019hui votre f\u00eate, \u00f4 mon bon ange\u2026 De tout mon c\u0153ur je vous dis aux pieds de J\u00e9sus : bonne f\u00eate ! (\u2026) Merci de tous vos bienfaits ! Pardon de toutes mes ingratitudes et de me tenir avec si peu de respect en votre pr\u00e9sence, pardon de vous contrister si souvent ! Gardez-moi, [&hellip;]<\/p>\n","protected":false},"author":2,"featured_media":0,"comment_status":"closed","ping_status":"closed","sticky":false,"template":"","format":"standard","meta":{"footnotes":""},"categories":[3,26,28],"tags":[830,1641,1114],"class_list":["post-23453","post","type-post","status-publish","format-standard","hentry","category-liturgique","category-priere-des-ames","category-saints-et-saintes","tag-priere","tag-st-charles-de-foucauld","tag-sts-anges-gardiens"],"_links":{"self":[{"href":"https:\/\/www.associationdemarie.org\/blog\/wp-json\/wp\/v2\/posts\/23453","targetHints":{"allow":["GET"]}}],"collection":[{"href":"https:\/\/www.associationdemarie.org\/blog\/wp-json\/wp\/v2\/posts"}],"about":[{"href":"https:\/\/www.associationdemarie.org\/blog\/wp-json\/wp\/v2\/types\/post"}],"author":[{"embeddable":true,"href":"https:\/\/www.associationdemarie.org\/blog\/wp-json\/wp\/v2\/users\/2"}],"replies":[{"embeddable":true,"href":"https:\/\/www.associationdemarie.org\/blog\/wp-json\/wp\/v2\/comments?post=23453"}],"version-history":[{"count":1,"href":"https:\/\/www.associationdemarie.org\/blog\/wp-json\/wp\/v2\/posts\/23453\/revisions"}],"predecessor-version":[{"id":23455,"href":"https:\/\/www.associationdemarie.org\/blog\/wp-json\/wp\/v2\/posts\/23453\/revisions\/23455"}],"wp:attachment":[{"href":"https:\/\/www.associationdemarie.org\/blog\/wp-json\/wp\/v2\/media?parent=23453"}],"wp:term":[{"taxonomy":"category","embeddable":true,"href":"https:\/\/www.associationdemarie.org\/blog\/wp-json\/wp\/v2\/categories?post=23453"},{"taxonomy":"post_tag","embeddable":true,"href":"https:\/\/www.associationdemarie.org\/blog\/wp-json\/wp\/v2\/tags?post=23453"}],"curies":[{"name":"wp","href":"https:\/\/api.w.org\/{rel}","templated":true}]}}