{"id":23429,"date":"2023-09-25T01:08:32","date_gmt":"2023-09-25T00:08:32","guid":{"rendered":"http:\/\/www.associationdemarie.org\/blog\/?p=23429"},"modified":"2023-09-11T06:10:24","modified_gmt":"2023-09-11T05:10:24","slug":"la-lampe-sur-le-lampadaire-3","status":"publish","type":"post","link":"https:\/\/www.associationdemarie.org\/blog\/la-lampe-sur-le-lampadaire-3\/","title":{"rendered":"La lampe sur le lampadaire"},"content":{"rendered":"<p><img loading=\"lazy\" decoding=\"async\" class=\"aligncenter  wp-image-23430\" src=\"https:\/\/www.associationdemarie.org\/blog\/wp-content\/uploads\/2023\/09\/25-9.jpeg\" alt=\"\" width=\"445\" height=\"249\" \/><\/p>\n<p>\u00ab On n&rsquo;allume pas une lampe pour la mettre sous le boisseau. \u00bb Par ces paroles, J\u00e9sus incite ses disciples \u00e0 mener une vie irr\u00e9prochable, en leur conseillant de veiller constamment sur eux-m\u00eames, puisqu&rsquo;ils sont plac\u00e9s sous les yeux de tous les hommes, comme des athl\u00e8tes dans un stade vus de tout l&rsquo;univers (1Co 4,9).<\/p>\n<p>Il leur d\u00e9clare : \u00ab Ne vous dites pas : \u2018 Nous pouvons maintenant rester assis tranquilles, nous sommes cach\u00e9s dans un petit coin du monde &lsquo;, car vous serez visibles \u00e0 tous les hommes, comme une ville situ\u00e9e au sommet d&rsquo;une montagne (Mt 5,14), comme dans la maison une lumi\u00e8re qu&rsquo;on a mise sur le lampadaire&#8230; Moi, j&rsquo;ai allum\u00e9 la lumi\u00e8re de votre flambeau mais c&rsquo;est \u00e0 vous de l&rsquo;entretenir, non seulement pour votre avantage personnel, mais encore dans l&rsquo;int\u00e9r\u00eat de tous ceux qui l&rsquo;apercevront et seront, par elle, conduits \u00e0 la v\u00e9rit\u00e9. Les pires m\u00e9chancet\u00e9s ne pourront pas jeter une ombre sur votre lumi\u00e8re, si vous vivez dans la vigilance de ceux qui sont appel\u00e9s \u00e0 amener au bien le monde entier. Que votre vie donc r\u00e9ponde \u00e0 la saintet\u00e9 de votre minist\u00e8re, pour que la gr\u00e2ce de Dieu soit partout annonc\u00e9e. \u00bb<\/p>\n<h3 class=\"GospelCommentaryAuthor-name commentary-author font-2\">Saint Jean Chrysostome (v. 345-407)<\/h3>\n<p>&nbsp;<\/p>\n<p>&nbsp;<\/p>\n<p>&nbsp;<\/p>\n","protected":false},"excerpt":{"rendered":"<p>\u00ab On n&rsquo;allume pas une lampe pour la mettre sous le boisseau. \u00bb Par ces paroles, J\u00e9sus incite ses disciples \u00e0 mener une vie irr\u00e9prochable, en leur conseillant de veiller constamment sur eux-m\u00eames, puisqu&rsquo;ils sont plac\u00e9s sous les yeux de tous les hommes, comme des athl\u00e8tes dans un stade vus de tout l&rsquo;univers (1Co 4,9). [&hellip;]<\/p>\n","protected":false},"author":2,"featured_media":0,"comment_status":"closed","ping_status":"closed","sticky":false,"template":"","format":"standard","meta":{"footnotes":""},"categories":[13,1261],"tags":[387,567,1043],"class_list":["post-23429","post","type-post","status-publish","format-standard","hentry","category-ecritures","category-enseignement-2","tag-evangelisation","tag-lampes","tag-st-jean-chrysostome"],"_links":{"self":[{"href":"https:\/\/www.associationdemarie.org\/blog\/wp-json\/wp\/v2\/posts\/23429","targetHints":{"allow":["GET"]}}],"collection":[{"href":"https:\/\/www.associationdemarie.org\/blog\/wp-json\/wp\/v2\/posts"}],"about":[{"href":"https:\/\/www.associationdemarie.org\/blog\/wp-json\/wp\/v2\/types\/post"}],"author":[{"embeddable":true,"href":"https:\/\/www.associationdemarie.org\/blog\/wp-json\/wp\/v2\/users\/2"}],"replies":[{"embeddable":true,"href":"https:\/\/www.associationdemarie.org\/blog\/wp-json\/wp\/v2\/comments?post=23429"}],"version-history":[{"count":1,"href":"https:\/\/www.associationdemarie.org\/blog\/wp-json\/wp\/v2\/posts\/23429\/revisions"}],"predecessor-version":[{"id":23431,"href":"https:\/\/www.associationdemarie.org\/blog\/wp-json\/wp\/v2\/posts\/23429\/revisions\/23431"}],"wp:attachment":[{"href":"https:\/\/www.associationdemarie.org\/blog\/wp-json\/wp\/v2\/media?parent=23429"}],"wp:term":[{"taxonomy":"category","embeddable":true,"href":"https:\/\/www.associationdemarie.org\/blog\/wp-json\/wp\/v2\/categories?post=23429"},{"taxonomy":"post_tag","embeddable":true,"href":"https:\/\/www.associationdemarie.org\/blog\/wp-json\/wp\/v2\/tags?post=23429"}],"curies":[{"name":"wp","href":"https:\/\/api.w.org\/{rel}","templated":true}]}}