{"id":23422,"date":"2023-09-23T01:16:37","date_gmt":"2023-09-23T00:16:37","guid":{"rendered":"http:\/\/www.associationdemarie.org\/blog\/?p=23422"},"modified":"2023-09-09T07:19:18","modified_gmt":"2023-09-09T06:19:18","slug":"celui-qui-a-des-oreilles-pour-entendre-quil-entende","status":"publish","type":"post","link":"https:\/\/www.associationdemarie.org\/blog\/celui-qui-a-des-oreilles-pour-entendre-quil-entende\/","title":{"rendered":"\u00ab Celui qui a des oreilles pour entendre, qu&rsquo;il entende. \u00bb"},"content":{"rendered":"<p><img loading=\"lazy\" decoding=\"async\" class=\"aligncenter  wp-image-23423\" src=\"https:\/\/www.associationdemarie.org\/blog\/wp-content\/uploads\/2023\/09\/23-9-padre_pio_5.jpg\" alt=\"\" width=\"445\" height=\"251\" srcset=\"https:\/\/www.associationdemarie.org\/blog\/wp-content\/uploads\/2023\/09\/23-9-padre_pio_5.jpg 800w, https:\/\/www.associationdemarie.org\/blog\/wp-content\/uploads\/2023\/09\/23-9-padre_pio_5-300x169.jpg 300w, https:\/\/www.associationdemarie.org\/blog\/wp-content\/uploads\/2023\/09\/23-9-padre_pio_5-768x432.jpg 768w\" sizes=\"auto, (max-width: 445px) 100vw, 445px\" \/><\/p>\n<p>Si la semence s\u00e8che, ce n&rsquo;est pas \u00e0 cause de la chaleur. J\u00e9sus n&rsquo;a pas dit qu&rsquo;elle a s\u00e9ch\u00e9 \u00e0 cause de la chaleur, mais \u00ab faute de racine \u00bb. Si la parole est \u00e9touff\u00e9e, cela ne vient pas des \u00e9pines, mais de ceux qui les ont laiss\u00e9 pousser en libert\u00e9. Avec de la volont\u00e9, tu peux les emp\u00eacher de pousser, tu peux faire de la richesse un usage convenable. C&rsquo;est pour cela que le Sauveur parle non du \u00ab monde \u00bb mais du \u00ab souci du monde \u00bb, non de \u00ab la richesse \u00bb mais de la \u00ab s\u00e9duction de la richesse \u00bb. N&rsquo;accusons donc pas les choses elles-m\u00eames, mais la corruption de notre conscience. (&#8230;)<\/p>\n<p>Ce n&rsquo;est pas le cultivateur, tu le vois, ce n&rsquo;est pas la semence, c&rsquo;est la terre o\u00f9 elle est re\u00e7ue qui explique tout, c&rsquo;est-\u00e0-dire les dispositions de notre c\u0153ur. L\u00e0 aussi la bont\u00e9 de Dieu pour l&rsquo;homme est immense, puisque, loin d&rsquo;exiger une m\u00eame mesure de vertu, il accueille les premiers, ne repousse pas les seconds et donne une place aux troisi\u00e8mes. (&#8230;)<\/p>\n<p>Il faut donc d&rsquo;abord \u00e9couter la Parole avec attention, puis la garder fid\u00e8lement en m\u00e9moire, puis \u00eatre plein de courage, puis m\u00e9priser la richesse et se d\u00e9livrer de l&rsquo;amour de tous les biens du monde. Si J\u00e9sus met l&rsquo;attention pour la Parole au premier rang et avant toutes les autres conditions, c&rsquo;est qu&rsquo;elle est la condition n\u00e9cessaire. \u00ab Comment croire sans d&rsquo;abord l&rsquo;entendre ? \u00bb (Rm 10,14) Et nous aussi, si nous ne faisons pas attention \u00e0 ce qui nous est dit, nous ne conna\u00eetrons pas les devoirs \u00e0 remplir. Apr\u00e8s seulement viennent le courage et le m\u00e9pris des biens du monde. Pour mettre \u00e0 profit ces le\u00e7ons, fortifions-nous de toute fa\u00e7on : soyons attentifs \u00e0 la Parole, poussons profond\u00e9ment nos racines et d\u00e9barrassons-nous de tout le souci du monde.<\/p>\n<h3 class=\"GospelCommentaryAuthor-name commentary-author font-2\">Saint Jean Chrysostome (v. 345-407)<\/h3>\n<p>&nbsp;<\/p>\n<p>&nbsp;<\/p>\n<p>&nbsp;<\/p>\n","protected":false},"excerpt":{"rendered":"<p>Si la semence s\u00e8che, ce n&rsquo;est pas \u00e0 cause de la chaleur. J\u00e9sus n&rsquo;a pas dit qu&rsquo;elle a s\u00e9ch\u00e9 \u00e0 cause de la chaleur, mais \u00ab faute de racine \u00bb. Si la parole est \u00e9touff\u00e9e, cela ne vient pas des \u00e9pines, mais de ceux qui les ont laiss\u00e9 pousser en libert\u00e9. Avec de la volont\u00e9, [&hellip;]<\/p>\n","protected":false},"author":2,"featured_media":0,"comment_status":"closed","ping_status":"closed","sticky":false,"template":"","format":"standard","meta":{"footnotes":""},"categories":[16,28],"tags":[771,1605,1043,1067],"class_list":["post-23422","post","type-post","status-publish","format-standard","hentry","category-jardins-de-la-bible","category-saints-et-saintes","tag-parole-divine","tag-semence","tag-st-jean-chrysostome","tag-st-padre-pio"],"_links":{"self":[{"href":"https:\/\/www.associationdemarie.org\/blog\/wp-json\/wp\/v2\/posts\/23422","targetHints":{"allow":["GET"]}}],"collection":[{"href":"https:\/\/www.associationdemarie.org\/blog\/wp-json\/wp\/v2\/posts"}],"about":[{"href":"https:\/\/www.associationdemarie.org\/blog\/wp-json\/wp\/v2\/types\/post"}],"author":[{"embeddable":true,"href":"https:\/\/www.associationdemarie.org\/blog\/wp-json\/wp\/v2\/users\/2"}],"replies":[{"embeddable":true,"href":"https:\/\/www.associationdemarie.org\/blog\/wp-json\/wp\/v2\/comments?post=23422"}],"version-history":[{"count":1,"href":"https:\/\/www.associationdemarie.org\/blog\/wp-json\/wp\/v2\/posts\/23422\/revisions"}],"predecessor-version":[{"id":23424,"href":"https:\/\/www.associationdemarie.org\/blog\/wp-json\/wp\/v2\/posts\/23422\/revisions\/23424"}],"wp:attachment":[{"href":"https:\/\/www.associationdemarie.org\/blog\/wp-json\/wp\/v2\/media?parent=23422"}],"wp:term":[{"taxonomy":"category","embeddable":true,"href":"https:\/\/www.associationdemarie.org\/blog\/wp-json\/wp\/v2\/categories?post=23422"},{"taxonomy":"post_tag","embeddable":true,"href":"https:\/\/www.associationdemarie.org\/blog\/wp-json\/wp\/v2\/tags?post=23422"}],"curies":[{"name":"wp","href":"https:\/\/api.w.org\/{rel}","templated":true}]}}