{"id":23418,"date":"2023-09-22T01:30:34","date_gmt":"2023-09-22T00:30:34","guid":{"rendered":"http:\/\/www.associationdemarie.org\/blog\/?p=23418"},"modified":"2023-09-08T06:32:19","modified_gmt":"2023-09-08T05:32:19","slug":"les-douze-accompagnaient-jesus-ainsi-que-des-femmes-lc-8-1-2","status":"publish","type":"post","link":"https:\/\/www.associationdemarie.org\/blog\/les-douze-accompagnaient-jesus-ainsi-que-des-femmes-lc-8-1-2\/","title":{"rendered":"\u00ab Les Douze accompagnaient J\u00e9sus, ainsi que des femmes. \u00bb (Lc 8, 1-2)"},"content":{"rendered":"<p><img loading=\"lazy\" decoding=\"async\" class=\"aligncenter  wp-image-23419\" src=\"https:\/\/www.associationdemarie.org\/blog\/wp-content\/uploads\/2023\/09\/22-9.jpg\" alt=\"\" width=\"456\" height=\"328\" srcset=\"https:\/\/www.associationdemarie.org\/blog\/wp-content\/uploads\/2023\/09\/22-9.jpg 1200w, https:\/\/www.associationdemarie.org\/blog\/wp-content\/uploads\/2023\/09\/22-9-300x216.jpg 300w, https:\/\/www.associationdemarie.org\/blog\/wp-content\/uploads\/2023\/09\/22-9-768x552.jpg 768w, https:\/\/www.associationdemarie.org\/blog\/wp-content\/uploads\/2023\/09\/22-9-1024x736.jpg 1024w\" sizes=\"auto, (max-width: 456px) 100vw, 456px\" \/><\/p>\n<p>\u00ab Ma chair consum\u00e9e, mes os se sont attach\u00e9s \u00e0 ma peau. \u00bb (Jb 19,20 Vg) Les os d\u00e9signent la force du corps ; la chair, sa faiblesse. Puisque donc Christ et \u00c9glise sont une seule personne, que peuvent repr\u00e9senter les os ? le Seigneur ; la chair ? les disciples, qui \u00e0 l\u2019heure de sa passion n\u2019ont connu qu\u2019une sagesse de faibles. Et la peau, qui est ext\u00e9rieure \u00e0 la chair et demeure sur le corps, que repr\u00e9sente-elle, sinon les saintes femmes, qui, pr\u00eates \u00e0 une assistance corporelle, servaient le Seigneur dans les charges ext\u00e9rieures.<\/p>\n<p>Quand ses disciples, pourtant si faibles encore, pr\u00eachaient aux peuples la foi en la v\u00e9rit\u00e9, ils \u00e9taient la chair attach\u00e9e \u00e0 ses os. Et quand les saintes femmes pr\u00e9paraient ce qui lui \u00e9tait ext\u00e9rieurement n\u00e9cessaire, elles \u00e9taient comme la peau qui demeure ext\u00e9rieurement sur le corps. Mais lorsqu\u2019est arriv\u00e9e l\u2019heure de la croix, une lourde crainte, devant la pers\u00e9cution des Juifs, a envahi ses disciples : ils ont fui l\u2019un apr\u00e8s l\u2019autre, les femmes sont rest\u00e9es l\u00e0. Ainsi sa chair comme consum\u00e9e, les os du Seigneur sont rest\u00e9s attach\u00e9s \u00e0 sa peau, parce que sa force, devant la fuite des disciples au moment de sa passion, a trouv\u00e9 ces femmes tout pr\u00e8s d\u2019elle. (\u2026) Les femmes, elles, n\u2019ont pas eu peur, elles n\u2019ont pas fui, et m\u00eame, l\u2019\u00c9criture en t\u00e9moigne, jusqu\u2019au s\u00e9pulcre elles ont tenu.<\/p>\n<p>Le Seigneur peut donc dire : \u00ab Ma chair consum\u00e9e, mes os se sont attach\u00e9s \u00e0 ma peau. \u00bb C\u2019est-\u00e0-dire : ceux qui auraient d\u00fb \u00eatre le plus \u00e9troitement attach\u00e9s \u00e0 ma force ont \u00e9t\u00e9 consum\u00e9s de crainte au moment de ma passion, et celles que j\u2019avais charg\u00e9es de services ext\u00e9rieurs, je les ai trouv\u00e9es, dans ma passion, sans terreur, fid\u00e8lement attach\u00e9es \u00e0 moi.<\/p>\n<h3 class=\"GospelCommentaryAuthor-name commentary-author font-2\">Saint Gr\u00e9goire le Grand (v. 540-604)<\/h3>\n<p>&nbsp;<\/p>\n<p>&nbsp;<\/p>\n<p>&nbsp;<\/p>\n","protected":false},"excerpt":{"rendered":"<p>\u00ab Ma chair consum\u00e9e, mes os se sont attach\u00e9s \u00e0 ma peau. \u00bb (Jb 19,20 Vg) Les os d\u00e9signent la force du corps ; la chair, sa faiblesse. Puisque donc Christ et \u00c9glise sont une seule personne, que peuvent repr\u00e9senter les os ? le Seigneur ; la chair ? les disciples, qui \u00e0 l\u2019heure de [&hellip;]<\/p>\n","protected":false},"author":2,"featured_media":0,"comment_status":"closed","ping_status":"closed","sticky":false,"template":"","format":"standard","meta":{"footnotes":""},"categories":[13,1261],"tags":[404,1488],"class_list":["post-23418","post","type-post","status-publish","format-standard","hentry","category-ecritures","category-enseignement-2","tag-femmes","tag-st-gregoire-le-grand"],"_links":{"self":[{"href":"https:\/\/www.associationdemarie.org\/blog\/wp-json\/wp\/v2\/posts\/23418","targetHints":{"allow":["GET"]}}],"collection":[{"href":"https:\/\/www.associationdemarie.org\/blog\/wp-json\/wp\/v2\/posts"}],"about":[{"href":"https:\/\/www.associationdemarie.org\/blog\/wp-json\/wp\/v2\/types\/post"}],"author":[{"embeddable":true,"href":"https:\/\/www.associationdemarie.org\/blog\/wp-json\/wp\/v2\/users\/2"}],"replies":[{"embeddable":true,"href":"https:\/\/www.associationdemarie.org\/blog\/wp-json\/wp\/v2\/comments?post=23418"}],"version-history":[{"count":2,"href":"https:\/\/www.associationdemarie.org\/blog\/wp-json\/wp\/v2\/posts\/23418\/revisions"}],"predecessor-version":[{"id":23421,"href":"https:\/\/www.associationdemarie.org\/blog\/wp-json\/wp\/v2\/posts\/23418\/revisions\/23421"}],"wp:attachment":[{"href":"https:\/\/www.associationdemarie.org\/blog\/wp-json\/wp\/v2\/media?parent=23418"}],"wp:term":[{"taxonomy":"category","embeddable":true,"href":"https:\/\/www.associationdemarie.org\/blog\/wp-json\/wp\/v2\/categories?post=23418"},{"taxonomy":"post_tag","embeddable":true,"href":"https:\/\/www.associationdemarie.org\/blog\/wp-json\/wp\/v2\/tags?post=23418"}],"curies":[{"name":"wp","href":"https:\/\/api.w.org\/{rel}","templated":true}]}}