{"id":23391,"date":"2023-09-14T01:53:29","date_gmt":"2023-09-14T00:53:29","guid":{"rendered":"http:\/\/www.associationdemarie.org\/blog\/?p=23391"},"modified":"2023-08-31T06:55:28","modified_gmt":"2023-08-31T05:55:28","slug":"fete-de-la-croix-glorieuse-10","status":"publish","type":"post","link":"https:\/\/www.associationdemarie.org\/blog\/fete-de-la-croix-glorieuse-10\/","title":{"rendered":"F\u00eate de la Croix Glorieuse"},"content":{"rendered":"<p><img loading=\"lazy\" decoding=\"async\" class=\"aligncenter  wp-image-23392\" src=\"https:\/\/www.associationdemarie.org\/blog\/wp-content\/uploads\/2023\/08\/14-9-Croix-Glorieuse.jpg\" alt=\"\" width=\"456\" height=\"302\" srcset=\"https:\/\/www.associationdemarie.org\/blog\/wp-content\/uploads\/2023\/08\/14-9-Croix-Glorieuse.jpg 1024w, https:\/\/www.associationdemarie.org\/blog\/wp-content\/uploads\/2023\/08\/14-9-Croix-Glorieuse-300x199.jpg 300w, https:\/\/www.associationdemarie.org\/blog\/wp-content\/uploads\/2023\/08\/14-9-Croix-Glorieuse-768x509.jpg 768w\" sizes=\"auto, (max-width: 456px) 100vw, 456px\" \/><\/p>\n<p>Celui-ci a \u00e9t\u00e9 crucifi\u00e9 pour nos fautes \u2013 r\u00e9ellement \u2013. Que si tu veux le nier, ce lieu illustre te confond, ce bienheureux Golgotha o\u00f9 justement nous voici rassembl\u00e9s en raison de celui qui y fut crucifi\u00e9. Ajoute que du bois de la croix divis\u00e9 en fragments, toute la terre est d\u00e9sormais remplie. Or il a \u00e9t\u00e9 crucifi\u00e9 non pas pour des fautes personnelles, mais afin que nous soyons d\u00e9livr\u00e9s, nous, de nos fautes \u00e0 nous. Et il a \u00e9t\u00e9 alors m\u00e9pris\u00e9 par les hommes, et, en tant qu\u2019homme, soufflet\u00e9 ; mais il a \u00e9t\u00e9, en tant que Dieu, reconnu par la cr\u00e9ation : car le soleil, \u00e0 la vue de son Ma\u00eetre outrag\u00e9, s\u2019\u00e9clipsa en tremblant, incapable de supporter ce spectacle. (\u2026)<\/p>\n<p>Ne rougissons pas de la croix du Christ ; m\u00eame si un autre la cache, toi marque-la apparemment sur ton front afin que les d\u00e9mons \u00e0 la vue de ce signe royal s\u2019enfuient au loin, terrifi\u00e9s. Trace ce signe au moment de manger et de boire, de t\u2019asseoir, de te lever, de parler, de marcher, bref en toute action. Car celui qui a \u00e9t\u00e9 crucifi\u00e9 ici, est en haut dans les cieux.<\/p>\n<p>Si en effet, apr\u00e8s sa crucifixion et son ensevelissement, il est rest\u00e9 dans la tombe, nous aurions \u00e0 rougir ; bien au contraire, crucifi\u00e9 sur notre Golgotha, il s\u2019est, de la montagne du Levant, du mont des Oliviers, \u00e9lev\u00e9 dans le ciel. En effet, descendu de notre terre aux enfers et remont\u00e9 ensuite vers nous, il est mont\u00e9 encore de chez nous dans le ciel, tandis que le P\u00e8re l\u2019acclamait en disant : \u00ab Assieds-toi \u00e0 ma droite, jusqu\u2019\u00e0 ce que je fasse de tes ennemis un escabeau sous tes pieds \u00bb (Ps 109,1).<\/p>\n<h3 class=\"GospelCommentaryAuthor-name commentary-author font-2\">Saint Cyrille de J\u00e9rusalem (313-350)<\/h3>\n<p>&nbsp;<\/p>\n<p>&nbsp;<\/p>\n<p>&nbsp;<\/p>\n<p>&nbsp;<\/p>\n","protected":false},"excerpt":{"rendered":"<p>Celui-ci a \u00e9t\u00e9 crucifi\u00e9 pour nos fautes \u2013 r\u00e9ellement \u2013. Que si tu veux le nier, ce lieu illustre te confond, ce bienheureux Golgotha o\u00f9 justement nous voici rassembl\u00e9s en raison de celui qui y fut crucifi\u00e9. Ajoute que du bois de la croix divis\u00e9 en fragments, toute la terre est d\u00e9sormais remplie. Or il [&hellip;]<\/p>\n","protected":false},"author":2,"featured_media":0,"comment_status":"closed","ping_status":"closed","sticky":false,"template":"","format":"standard","meta":{"footnotes":""},"categories":[3,28],"tags":[274,453,1499],"class_list":["post-23391","post","type-post","status-publish","format-standard","hentry","category-liturgique","category-saints-et-saintes","tag-croix","tag-golgotha","tag-st-cyrille-de-jerusalem"],"_links":{"self":[{"href":"https:\/\/www.associationdemarie.org\/blog\/wp-json\/wp\/v2\/posts\/23391","targetHints":{"allow":["GET"]}}],"collection":[{"href":"https:\/\/www.associationdemarie.org\/blog\/wp-json\/wp\/v2\/posts"}],"about":[{"href":"https:\/\/www.associationdemarie.org\/blog\/wp-json\/wp\/v2\/types\/post"}],"author":[{"embeddable":true,"href":"https:\/\/www.associationdemarie.org\/blog\/wp-json\/wp\/v2\/users\/2"}],"replies":[{"embeddable":true,"href":"https:\/\/www.associationdemarie.org\/blog\/wp-json\/wp\/v2\/comments?post=23391"}],"version-history":[{"count":1,"href":"https:\/\/www.associationdemarie.org\/blog\/wp-json\/wp\/v2\/posts\/23391\/revisions"}],"predecessor-version":[{"id":23393,"href":"https:\/\/www.associationdemarie.org\/blog\/wp-json\/wp\/v2\/posts\/23391\/revisions\/23393"}],"wp:attachment":[{"href":"https:\/\/www.associationdemarie.org\/blog\/wp-json\/wp\/v2\/media?parent=23391"}],"wp:term":[{"taxonomy":"category","embeddable":true,"href":"https:\/\/www.associationdemarie.org\/blog\/wp-json\/wp\/v2\/categories?post=23391"},{"taxonomy":"post_tag","embeddable":true,"href":"https:\/\/www.associationdemarie.org\/blog\/wp-json\/wp\/v2\/tags?post=23391"}],"curies":[{"name":"wp","href":"https:\/\/api.w.org\/{rel}","templated":true}]}}