{"id":23378,"date":"2023-09-09T01:19:44","date_gmt":"2023-09-09T00:19:44","guid":{"rendered":"http:\/\/www.associationdemarie.org\/blog\/?p=23378"},"modified":"2023-08-26T08:22:25","modified_gmt":"2023-08-26T07:22:25","slug":"le-fils-de-lhomme-est-maitre-du-sabbat-11","status":"publish","type":"post","link":"https:\/\/www.associationdemarie.org\/blog\/le-fils-de-lhomme-est-maitre-du-sabbat-11\/","title":{"rendered":"\u00ab Le Fils de l&rsquo;homme est ma\u00eetre du sabbat. \u00bb"},"content":{"rendered":"<p><img loading=\"lazy\" decoding=\"async\" class=\"aligncenter  wp-image-23379\" src=\"https:\/\/www.associationdemarie.org\/blog\/wp-content\/uploads\/2023\/08\/9-9.jpg\" alt=\"\" width=\"459\" height=\"258\" srcset=\"https:\/\/www.associationdemarie.org\/blog\/wp-content\/uploads\/2023\/08\/9-9.jpg 615w, https:\/\/www.associationdemarie.org\/blog\/wp-content\/uploads\/2023\/08\/9-9-300x169.jpg 300w\" sizes=\"auto, (max-width: 459px) 100vw, 459px\" \/><\/p>\n<p>Le troisi\u00e8me commandement du D\u00e9calogue rappelle la saintet\u00e9 du sabbat : \u00ab Le septi\u00e8me jour est un sabbat ; un repos complet consacr\u00e9 au Seigneur \u00bb (Ex 31,15 ; cf. 20,8).<\/p>\n<p>L&rsquo;\u00c9criture fait \u00e0 ce propos m\u00e9moire de la cr\u00e9ation : \u00ab Car en six jours le Seigneur a fait le ciel et la terre, la mer et tout ce qui s&rsquo;y trouve, mais il s&rsquo;est repos\u00e9 le septi\u00e8me jour. Voil\u00e0 pourquoi le Seigneur a b\u00e9ni le jour du sabbat, il l&rsquo;a sanctifi\u00e9 \u00bb (Ex 20,11).<\/p>\n<p>L&rsquo;\u00c9criture r\u00e9v\u00e8le encore dans le jour du Seigneur un m\u00e9morial de la lib\u00e9ration d&rsquo;Isra\u00ebl de la servitude en \u00c9gypte : \u00ab Tu te souviendras que tu as \u00e9t\u00e9 esclave au pays d&rsquo;\u00c9gypte et que le Seigneur ton Dieu t&rsquo;en a fait sortir \u00e0 main forte et \u00e0 bras \u00e9tendu. Voil\u00e0 pourquoi le Seigneur ton Dieu te commande de pratiquer le jour du sabbat \u00bb (Dt 5,15).<\/p>\n<p>Dieu a confi\u00e9 \u00e0 Isra\u00ebl le sabbat pour qu&rsquo;il le garde en signe de l&rsquo;alliance infrangible. Le sabbat est pour le Seigneur, saintement r\u00e9serv\u00e9 \u00e0 la louange de Dieu, de son \u0153uvre de cr\u00e9ation et de ses actions salvifiques en faveur d&rsquo;Isra\u00ebl&#8230;<\/p>\n<p>L&rsquo;\u00c9vangile rapporte de nombreux incidents o\u00f9 J\u00e9sus est accus\u00e9 de violer la loi du sabbat. Mais jamais J\u00e9sus ne manque \u00e0 la saintet\u00e9 de ce jour. Il en donne avec autorit\u00e9 l&rsquo;interpr\u00e9tation authentique : \u00ab Le sabbat a \u00e9t\u00e9 fait pour l&rsquo;homme, et non l&rsquo;homme pour le sabbat \u00bb (Mc 2,27). Avec compassion, le Christ s&rsquo;autorise \u00ab le jour du sabbat, de faire du bien plut\u00f4t que le mal, de sauver une vie plut\u00f4t que de la tuer \u00bb (Mc 3,4). Le sabbat est le jour du Seigneur des mis\u00e9ricordes et de l&rsquo;honneur de Dieu. \u00ab Le Fils de l&rsquo;homme est ma\u00eetre du sabbat. \u00bb<\/p>\n<h3 class=\"GospelCommentaryAuthor-name commentary-author font-2\">Cat\u00e9chisme de l&rsquo;\u00c9glise catholique<\/h3>\n<p>&nbsp;<\/p>\n<p>&nbsp;<\/p>\n<p>&nbsp;<\/p>\n","protected":false},"excerpt":{"rendered":"<p>Le troisi\u00e8me commandement du D\u00e9calogue rappelle la saintet\u00e9 du sabbat : \u00ab Le septi\u00e8me jour est un sabbat ; un repos complet consacr\u00e9 au Seigneur \u00bb (Ex 31,15 ; cf. 20,8). L&rsquo;\u00c9criture fait \u00e0 ce propos m\u00e9moire de la cr\u00e9ation : \u00ab Car en six jours le Seigneur a fait le ciel et la terre, [&hellip;]<\/p>\n","protected":false},"author":2,"featured_media":0,"comment_status":"closed","ping_status":"closed","sticky":false,"template":"","format":"standard","meta":{"footnotes":""},"categories":[13,1261],"tags":[188,243,911],"class_list":["post-23378","post","type-post","status-publish","format-standard","hentry","category-ecritures","category-enseignement-2","tag-catechisme","tag-commandements","tag-sabbat"],"_links":{"self":[{"href":"https:\/\/www.associationdemarie.org\/blog\/wp-json\/wp\/v2\/posts\/23378","targetHints":{"allow":["GET"]}}],"collection":[{"href":"https:\/\/www.associationdemarie.org\/blog\/wp-json\/wp\/v2\/posts"}],"about":[{"href":"https:\/\/www.associationdemarie.org\/blog\/wp-json\/wp\/v2\/types\/post"}],"author":[{"embeddable":true,"href":"https:\/\/www.associationdemarie.org\/blog\/wp-json\/wp\/v2\/users\/2"}],"replies":[{"embeddable":true,"href":"https:\/\/www.associationdemarie.org\/blog\/wp-json\/wp\/v2\/comments?post=23378"}],"version-history":[{"count":1,"href":"https:\/\/www.associationdemarie.org\/blog\/wp-json\/wp\/v2\/posts\/23378\/revisions"}],"predecessor-version":[{"id":23380,"href":"https:\/\/www.associationdemarie.org\/blog\/wp-json\/wp\/v2\/posts\/23378\/revisions\/23380"}],"wp:attachment":[{"href":"https:\/\/www.associationdemarie.org\/blog\/wp-json\/wp\/v2\/media?parent=23378"}],"wp:term":[{"taxonomy":"category","embeddable":true,"href":"https:\/\/www.associationdemarie.org\/blog\/wp-json\/wp\/v2\/categories?post=23378"},{"taxonomy":"post_tag","embeddable":true,"href":"https:\/\/www.associationdemarie.org\/blog\/wp-json\/wp\/v2\/tags?post=23378"}],"curies":[{"name":"wp","href":"https:\/\/api.w.org\/{rel}","templated":true}]}}